{"id":9355,"date":"2026-04-29T09:37:04","date_gmt":"2026-04-29T12:37:04","guid":{"rendered":"https:\/\/www.geolegadodeallankardec.com.br\/?p=9355"},"modified":"2026-04-29T11:19:49","modified_gmt":"2026-04-29T14:19:49","slug":"a-retomada-do-espiritismo-verdadeiro-unidade-humildade-e-proposito","status":"publish","type":"post","link":"https:\/\/www.geolegadodeallankardec.com.br\/es\/artigos\/comunicacoes-de-alem-tumulo\/a-retomada-do-espiritismo-verdadeiro-unidade-humildade-e-proposito\/","title":{"rendered":"A Retomada do Espiritismo Verdadeiro: Unidade, Humildade e Prop\u00f3sito"},"content":{"rendered":"<div class=\"pdfprnt-buttons pdfprnt-buttons-post pdfprnt-top-right\"><a href=\"https:\/\/www.geolegadodeallankardec.com.br\/es\/wp-json\/wp\/v2\/posts\/9355?print=pdf\" class=\"pdfprnt-button pdfprnt-button-pdf\" target=\"_blank\" ><img decoding=\"async\" data-src=\"https:\/\/www.geolegadodeallankardec.com.br\/wp-content\/plugins\/pdf-print\/images\/pdf.png\" alt=\"image_pdf\" title=\"Ver PDF\" src=\"data:image\/svg+xml;base64,PHN2ZyB3aWR0aD0iMSIgaGVpZ2h0PSIxIiB4bWxucz0iaHR0cDovL3d3dy53My5vcmcvMjAwMC9zdmciPjwvc3ZnPg==\" class=\"lazyload\" style=\"--smush-placeholder-width: 32px; --smush-placeholder-aspect-ratio: 32\/32;\" \/><\/a><a href=\"https:\/\/www.geolegadodeallankardec.com.br\/es\/wp-json\/wp\/v2\/posts\/9355?print=print\" class=\"pdfprnt-button pdfprnt-button-print\" target=\"_blank\" ><img decoding=\"async\" data-src=\"https:\/\/www.geolegadodeallankardec.com.br\/wp-content\/plugins\/pdf-print\/images\/print.png\" alt=\"image_print\" title=\"Imprimir contenido\" src=\"data:image\/svg+xml;base64,PHN2ZyB3aWR0aD0iMSIgaGVpZ2h0PSIxIiB4bWxucz0iaHR0cDovL3d3dy53My5vcmcvMjAwMC9zdmciPjwvc3ZnPg==\" class=\"lazyload\" style=\"--smush-placeholder-width: 32px; --smush-placeholder-aspect-ratio: 32\/32;\" \/><\/a><\/div>\n<p>A seguinte conversa ocorreu na nossa reuni\u00e3o medi\u00fanica online, no dia 28 de abril de 2026. Come\u00e7ou com o Espirito Amigo e posteriormente com Espirito Tereza, m\u00e9dium Sra. Po por psicofonia. <\/p>\n\n\n\n<blockquote class=\"wp-block-quote is-layout-flow wp-block-quote-is-layout-flow\">\n<p><em><strong>Pergunta ao Esp\u00edrito Amigo:<\/strong> Na outra vez, a Teresa veio conversar conosco (vide mensagem de Tereza 2026-04-21). Ela disse que eles estavam fazendo um movimento para que os planos mais altos fizessem uma mobiliza\u00e7\u00e3o para que os grupos que t\u00eam conhecimento, e teria procedimentos&nbsp; para as pr\u00f3ximas reuni\u00f5es. Eu gostaria de saber se ela tem alguma novidade.<\/em><\/p>\n\n\n\n<p><strong>Resposta Tereza:<\/strong> Estamos sempre preparados e trabalhando para o benef\u00edcio dos grupos que est\u00e3o se colocando \u00e0 disposi\u00e7\u00e3o dos planos superiores. Nos movimentamos aqui nos \u00faltimos dias para que mais pessoas abram os olhos e vejam os enganos que cometeram e se alinhem com aqueles que buscam pela verdade. O movimento que fazemos aqui reflete no mundo material de voc\u00eas.<\/p>\n\n\n\n<p>H\u00e1 um alinhamento de pensamentos, h\u00e1 um alinhamento de sentimentos, h\u00e1 um alinhamento de vontades. E como dissemos, como um amigo que conversa com voc\u00eas j\u00e1 avisou, n\u00f3s est\u00e1vamos em um trabalho constante aqui. Ele mesmo vos avisou, sim, que se fosse preciso, voltar\u00edamos a bater nas mesas.<\/p>\n\n\n\n<p>Mas percebemos atrav\u00e9s de voc\u00eas e de outros grupos que isso n\u00e3o seria necess\u00e1rio, apesar de que alguns de n\u00f3s entendem que ainda \u00e9 necess\u00e1rio. Por isso as manifesta\u00e7\u00f5es v\u00e3o acontecer. Todos n\u00f3s aqui nos respeitamos mutuamente.<\/p>\n\n\n\n<p>Olhamos para nossos irm\u00e3os que est\u00e3o fazendo isso e entendemos a utilidade. Eles, por outro lado, nos olham e entendem tamb\u00e9m o nosso sentido de educa\u00e7\u00e3o e de continuidade de um trabalho mais s\u00e9rio. Somos um grupo, cada um de n\u00f3s pode agir livremente, nunca, portanto, nunca infringindo as leis de Deus.<\/p>\n\n\n\n<p>Para alguns c\u00e9ticos encarnados ainda \u00e9 necess\u00e1rio o movimento de objetos, mas para grupos mais coesos n\u00e3o h\u00e1 essa necessidade. Por isso trabalhamos em frentes diferentes por aqui.<\/p>\n\n\n\n<p><em><strong>Pergunta: <\/strong>Qual \u00e9 a instru\u00e7\u00e3o que voc\u00ea nos d\u00e1? Voc\u00ea falou que voc\u00eas trariam uma s\u00e9rie de instru\u00e7\u00f5es para nossa a\u00e7\u00e3o. Tem alguma instru\u00e7\u00e3o para agora?<\/em><\/p>\n\n\n\n<p><strong>Resp. Tereza:<\/strong> Continuem o trabalho que voc\u00eas come\u00e7aram. Mostrem os desvios. Esse j\u00e1 \u00e9 um come\u00e7o.<\/p>\n\n\n\n<p>N\u00e3o vamos sobrecarregar voc\u00eas. Tentem sempre a unidade de pensamentos. Orei muito cuidado com as vaidades, com o orgulho, com as paix\u00f5es desmedidas.<\/p>\n\n\n\n<p>A nossa maior alegria \u00e9 quando vemos movimentos como esse abalar grandes estruturas que sistematizaram o nosso mundo e o transformaram em uma grande distor\u00e7\u00e3o do que ele realmente \u00e9. Mostrem \u00e0s pessoas a vastid\u00e3o do mundo espiritual. N\u00f3s n\u00e3o estamos restritos, presos a um \u00fanico mundo.<\/p>\n\n\n\n<p>Tentem fazer as pessoas entenderem a vastid\u00e3o do espa\u00e7o que cerca esse planeta. Sabemos que \u00e9 dif\u00edcil imaginar o infinito, mas aqui, aqui, o infinito \u00e9 algo indescrit\u00edvel. Existem palavras humanas que possam descrever o que vemos muito al\u00e9m daquilo que voc\u00eas podem enxergar.<\/p>\n\n\n\n<p>O primeiro passo, voc\u00eas est\u00e3o trilhando. O segundo passo ser\u00e1 a retomada dos estudos frente \u00e0s comunica\u00e7\u00f5es, a troca de informa\u00e7\u00f5es para compilar mais uma vez o conhecimento do mundo espiritual. O terceiro passo ser\u00e1<\/p>\n\n\n\n<p>Tentem fazer as pessoas entenderem a vastid\u00e3o do espa\u00e7o que cerca esse planeta. Sabemos que \u00e9 dif\u00edcil imaginar o infinito.<\/p>\n\n\n\n<p>Mas aqui, aqui, o infinito \u00e9 algo indescrit\u00edvel.<\/p>\n\n\n\n<p>N\u00e3o existem palavras humanas que possam descrever que vemos, muito al\u00e9m daquilo que voc\u00eas podem enxergar. O primeiro passo, voc\u00eas est\u00e3o trilhando. O segundo passo ser\u00e1 a retomada dos estudos frente \u00e0s comunica\u00e7\u00f5es.<\/p>\n\n\n\n<p>A troca de informa\u00e7\u00f5es para compilar mais uma vez o conhecimento do mundo espiritual. O terceiro passo, talvez o mais dif\u00edcil, seja colocar todas essas informa\u00e7\u00f5es em um comp\u00eandio para estudos futuros. Essa \u00e9 a retomada do Espiritismo verdadeiro.<\/p>\n\n\n\n<p>Isso \u00e9 o que desejamos. Isso \u00e9 o que pedimos.<\/p>\n\n\n\n<p><em><strong>Pergunta: <\/strong>Agrade\u00e7o muito as palavras e tenho certeza que voc\u00eas v\u00e3o estar ao nosso lado, de todos, para poder fazer isso de uma maneira correta. E eu queria pedir mais uma coisa, de se soerguer a vontade neste caminho, para que&nbsp; n\u00e3o nos&nbsp; percamos por outros caminhos. Ent\u00e3o, eu gostaria que voc\u00eas soerguessem essa vontade, porque \u00e0s vezes eu n\u00e3o tenho vontade. Eu falo por mim. Eu tenho medo disso, de perder a vontade.<\/em><\/p>\n\n\n\n<p><strong>Resp. Tereza:&nbsp; <\/strong>E com as instru\u00e7\u00f5es do Esp\u00edrito Amigo, ele j\u00e1 disse a voc\u00eas tantas vezes: Evitem brigas desnecess\u00e1rias, discuss\u00f5es que desgastam e esmore\u00e7am a vontade. Foquem no objetivo que voc\u00eas t\u00eam como grupo.<\/p>\n\n\n\n<p>Voc\u00eas t\u00eam os passos, sigam. N\u00e3o se percam em discuss\u00f5es in\u00fateis. Olhem cada um dentro de si e descubram pelo que vale a pena lutar, pelo que vale a pena discutir.<\/p>\n\n\n\n<p>S\u00f3 isso manter\u00e1 voc\u00eas no caminho. Que voc\u00eas mesmos escolheram trilhar quando aqui estavam. Nada \u00e9 por acaso na vida de voc\u00eas.<\/p>\n\n\n\n<p>Nada \u00e9 por acaso nesses grupos novos que est\u00e3o se formando. Ent\u00e3o, usem a intelig\u00eancia que voc\u00eas t\u00eam e fa\u00e7am as escolhas certas. Desejamos, todos aqui, eu, Esp\u00edrito Amigo, o Christopher e outros que no momento n\u00e3o me conv\u00e9m nomear, que voc\u00eas n\u00e3o esque\u00e7am o prop\u00f3sito dessa exist\u00eancia.<\/p>\n\n\n\n<p>Fiquem com Deus. Estaremos sempre ao lado de voc\u00eas, sempre que precisarem.<\/p>\n<\/blockquote>\n\n\n\n<p>O foco sempre \u00e9 destacar as caracter\u00edsticas l\u00f3gicas das mensagens atrav\u00e9s do corpo da mensagem, an\u00e1lises ponto a ponto, e conclus\u00f5es.<\/p>\n\n\n\n<p><strong>1. Car\u00e1ter da Comunica\u00e7\u00e3o e Linguagem<\/strong><\/p>\n\n\n\n<p>A mensagem apresenta um cunho s\u00e9rio e moralizador, o que \u00e9 o primeiro ind\u00edcio de um Esp\u00edrito de boa natureza. A linguagem \u00e9 digna e isenta de trivialidades, focando no progresso coletivo e na vigil\u00e2ncia contra as paix\u00f5es humanas, como o orgulho e a vaidade. O Esp\u00edrito n\u00e3o se imp\u00f5e, mas aconselha, respeitando o livre-arb\u00edtrio dos encarnados. Esse tom s\u00f3brio e profundo, sem apelos emocionais exagerados ou promessas fant\u00e1sticas, \u00e9 o selo distintivo dos Esp\u00edritos de ordem elevada, conforme ensinam as obras fundamentais da Codifica\u00e7\u00e3o.<\/p>\n\n\n\n<p><strong>2. Manifesta\u00e7\u00f5es F\u00edsicas vs. Inteligentes<\/strong><\/p>\n\n\n\n<p>Tereza demonstra um conhecimento exato da hierarquia dos fen\u00f4menos, distinguindo entre o que \u00e9 necess\u00e1rio para diferentes graus de maturidade espiritual:<\/p>\n\n\n\n<p><strong>Finalidade das Pancadas:<\/strong> Ela afirma que bater nas mesas (tiptologia) \u00e9 \u00fatil para convencer c\u00e9ticos, o que concorda com o ensino de que efeitos f\u00edsicos servem como o &#8220;A-B-C&#8221; da ci\u00eancia para despertar a aten\u00e7\u00e3o. Kardec, em A G\u00eanese, explica que tais fen\u00f4menos foram mais necess\u00e1rios numa \u00e9poca de materialismo extremo.<\/p>\n\n\n\n<p><strong>Abandono do Material pelo Intelectual:<\/strong> O Esp\u00edrito ressalta que grupos coesos prescindem do movimento de objetos, focando na filosofia e na moral, o que ratifica que Esp\u00edritos superiores preferem meios de comunica\u00e7\u00e3o mais r\u00e1pidos e diretos para o ensino. A mensagem \u00e9 clara: o Espiritismo moral substitui gradualmente o espet\u00e1culo pelo ensinamento.<\/p>\n\n\n\n<p><strong>3. O M\u00e9todo e a Retomada do &#8220;Espiritismo Verdadeiro&#8221;<\/strong><\/p>\n\n\n\n<p>Os tr\u00eas passos sugeridos pelo Esp\u00edrito alinham-se rigorosamente ao m\u00e9todo de codifica\u00e7\u00e3o estabelecido por Allan Kardec:<\/p>\n\n\n\n<p><strong>Primeiro passo \u2013 O in\u00edcio do trabalho:<\/strong> Trata-se do reconhecimento m\u00fatuo entre esp\u00edritos e encarnados, e da disposi\u00e7\u00e3o de servir. Essa fase j\u00e1 existia nas reuni\u00f5es dom\u00e9sticas do s\u00e9culo XIX e representa o despertar da consci\u00eancia grupal.<\/p>\n\n\n\n<p><strong>Segundo passo \u2013 Coletividade e Universalidade:<\/strong> A &#8220;troca de informa\u00e7\u00f5es para compilar mais uma vez o conhecimento do mundo espiritual&#8221; \u00e9 a base do Controle Universal do Ensino dos Esp\u00edritos, onde a verdade nasce da concord\u00e2ncia de m\u00faltiplas fontes. Kardec jamais separou a mediunidade da raz\u00e3o, a inspira\u00e7\u00e3o da codifica\u00e7\u00e3o.<\/p>\n\n\n\n<p><strong>Terceiro passo \u2013 Organiza\u00e7\u00e3o e Comp\u00eandio:<\/strong>&#8220;Colocar todas essas informa\u00e7\u00f5es em um conte\u00fado para estudos futuros&#8221; reflete o trabalho de coordena\u00e7\u00e3o e s\u00edntese que Kardec realizou para dar unidade \u00e0 doutrina e evitar cismas e sistemas pessoais. \u00c9 o passo mais desafiador, pois toda compila\u00e7\u00e3o corre o risco de virar dogma \u2013 da\u00ed a advert\u00eancia de Tereza de que a unidade deve ser &#8220;de pensamentos&#8221;, n\u00e3o de f\u00f3rmulas.<\/p>\n\n\n\n<p><strong>Combate a Distor\u00e7\u00f5es: <\/strong>A men\u00e7\u00e3o a &#8220;grandes estruturas que sistematizaram o nosso mundo e o transformaram numa grande distor\u00e7\u00e3o&#8221; ressoa com os alertas recebidos por Kardec sobre tentativas de desviar o Espiritismo para o misticismo ou dogmatismo. \u00c9 uma cr\u00edtica velada a institui\u00e7\u00f5es ou sistemas que, com o tempo, petrificaram verdades vivas.<\/p>\n\n\n\n<p><strong>4. Advert\u00eancias Morais: Vaidade, Orgulho e Harmonia<\/strong><\/p>\n\n\n\n<p>O Esp\u00edrito Tereza enfatiza que o maior obst\u00e1culo n\u00e3o s\u00e3o os inimigos externos, mas as imperfei\u00e7\u00f5es internas: vaidade, orgulho e ambi\u00e7\u00e3o. Um grupo s\u00f3 permanece assistido por Bons Esp\u00edritos enquanto mant\u00e9m a unidade de pensamentos e a pureza de inten\u00e7\u00f5es.<\/p>\n\n\n\n<p>A advert\u00eancia sobre &#8220;brigas desnecess\u00e1rias e discuss\u00f5es que desgastam&#8221; \u00e9 de uma sabedoria pr\u00e1tica irretoc\u00e1vel. Conforme instru\u00eddo pelos Esp\u00edritos superiores, o orgulho e a vaidade s\u00e3o as maiores barreiras entre o homem e Deus. Em um grupo, a ciz\u00e2nia e o personalismo atraem Esp\u00edritos levianos e afastam os bons, pois estes \u00faltimos buscam a perfeita comunh\u00e3o de pensamentos e sentimentos para o bem.<\/p>\n\n\n\n<p><strong>5. A Vontade como Motor do Progresso<\/strong><\/p>\n\n\n\n<p>Um dos momentos mais comoventes do di\u00e1logo \u00e9 quando o consulente confessa: &#8220;\u00c0s vezes eu n\u00e3o tenho vontade. Eu gostaria que ela n\u00e3o se perdesse. Eu tenho medo disso, de perder a vontade.&#8221;<\/p>\n\n\n\n<p>A resposta de Tereza \u00e9 pr\u00e1tica e ao mesmo tempo elevada: &#8220;Sigam as instru\u00e7\u00f5es do esp\u00edrito amigo [&#8230;] evitem brigas desnecess\u00e1rias, discuss\u00f5es que desgastam e esmorecem a vontade. Foquem no objetivo que voc\u00eas t\u00eam como grupo.&#8221;<\/p>\n\n\n\n<p>De acordo com a psicologia esp\u00edrita, a **vontade \u00e9 um atributo essencial do Esp\u00edrito**. Tereza age como um verdadeiro Esp\u00edrito Protetor: ela n\u00e3o &#8220;d\u00e1&#8221; a vontade ao indiv\u00edduo, mas oferece o conselho e o incentivo moral, pois o m\u00e9rito da a\u00e7\u00e3o deve pertencer inteiramente ao encarnado. Como Kardec observou, os Esp\u00edritos bons assistem aqueles que se ajudam a si mesmos; eles n\u00e3o podem substituir o livre-arb\u00edtrio da criatura. &#8220;Querer \u00e9 poder&#8221; \u00e9 uma m\u00e1xima que refor\u00e7a que a resist\u00eancia \u00e0s paix\u00f5es e ao des\u00e2nimo \u00e9 uma vit\u00f3ria do Esp\u00edrito sobre a mat\u00e9ria.<\/p>\n\n\n\n<p>A espiritualidade n\u00e3o promete eliminar as fraquezas humanas, mas ensina a administr\u00e1-las. O caminho indicado \u00e9 a fuga das controv\u00e9rsias est\u00e9reis e o retorno constante ao prop\u00f3sito interior. &#8220;Olhem cada um dentro de si e descubram pelo que vale a pena lutar, pelo que vale a pena discutir.&#8221;<\/p>\n\n\n\n<p><strong>6. A Prece e o Esfor\u00e7o Pr\u00f3prio<\/strong><\/p>\n\n\n\n<p>Para a dificuldade da falta de vontade, a an\u00e1lise esp\u00edrita oferece tr\u00eas fundamentos:<\/p>\n\n\n\n<p><strong>Perseveran\u00e7a como Prova: <\/strong>A vida terrena \u00e9 uma sucess\u00e3o de provas e a vontade ativa \u00e9 necess\u00e1ria para vencer a in\u00e9rcia da mat\u00e9ria.<\/p>\n\n\n\n<p><strong>A\u00e7\u00e3o dos Guias:<\/strong> Esp\u00edritos protetores sustentam os trabalhadores, mas n\u00e3o podem substituir o esfor\u00e7o pr\u00f3prio; o &#8220;abandono moment\u00e2neo&#8221; de sensa\u00e7\u00f5es pode ser uma prova para exercitar a autossufici\u00eancia moral.<\/p>\n\n\n\n<p><strong>A Prece como Recurso:<\/strong> A prece sincera ajuda a elevar o pensamento e a atrair fluidos que fortalecem a coragem.<\/p>\n\n\n\n<p> <strong>7. Compromissos Pr\u00e9-Existentes e Nada por Acaso<\/strong><\/p>\n\n\n\n<p>A afirma\u00e7\u00e3o de que o caminho foi &#8220;escolhido por v\u00f3s mesmos quando aqui est\u00e1veis&#8221; alinha-se perfeitamente com a <strong>doutrina da escolha das provas.<\/strong> Antes de encarnar, o Esp\u00edrito, no estado de liberdade, estuda suas imperfei\u00e7\u00f5es e escolhe as tarefas e dificuldades que considera mais adequadas ao seu adiantamento.<\/p>\n\n\n\n<p>A mensagem encerra com uma afirma\u00e7\u00e3o de grande conforto e responsabilidade: &#8220;Nada por acaso na vida de voc\u00eas. Nada \u00e9 por acaso nesses grupos novos que est\u00e3o se formando.&#8221; A &#8220;fatalidade&#8221;, no Espiritismo, existe apenas na escolha feita pelo Esp\u00edrito ao encarnar; o que ocorre depois s\u00e3o as consequ\u00eancias naturais de suas a\u00e7\u00f5es e o desenrolar do compromisso assumido perante a pr\u00f3pria consci\u00eancia.<\/p>\n\n\n\n<p><strong>8. O Uso da Intelig\u00eancia e o Prop\u00f3sito da Vida<\/strong><\/p>\n\n\n\n<p>O conselho de &#8220;usar a intelig\u00eancia e fazer as escolhas certas&#8221; lembra que Deus outorgou a intelig\u00eancia para que o homem se sirva dela para o bem. O Esp\u00edrito n\u00e3o deseja seguidores cegos, mas seres racionais que compreendam o prop\u00f3sito desta exist\u00eancia, que \u00e9 a purifica\u00e7\u00e3o e a colabora\u00e7\u00e3o na obra da cria\u00e7\u00e3o.<\/p>\n\n\n\n<p><strong>Conclus\u00e3o Anal\u00edtica<\/strong><\/p>\n\n\n\n<p>A comunica\u00e7\u00e3o de Tereza deve ser considerada aut\u00eantica em seu prop\u00f3sito, pois seu conte\u00fado \u00e9 racional, l\u00f3gico e perfeitamente harm\u00f4nico com as leis naturais reveladas pelos Esp\u00edritos Superiores. Ela n\u00e3o traz previs\u00f5es de datas nem promessas materiais, focando exclusivamente no progresso intelectual e moral, que \u00e9 o verdadeiro objetivo do Espiritismo.<\/p>\n\n\n\n<p>Tereza refor\u00e7a que a solu\u00e7\u00e3o para a &#8220;falta de vontade&#8221; n\u00e3o \u00e9 um milagre externo, mas a vigil\u00e2ncia interna contra as discuss\u00f5es que drenam a energia e o retorno ao compromisso espiritual assumido antes do nascimento. A men\u00e7\u00e3o a outros Esp\u00edritos (como o Esp\u00edrito Amigo e Christopher) demonstra a solidariedade que une os dois mundos; os que nos precederam n\u00e3o est\u00e3o mortos, mas velam por n\u00f3s como amigos devotados, auxiliando-nos na &#8220;ascens\u00e3o da abrupta montanha do bem&#8221;.<\/p>\n\n\n\n<p class=\"has-black-color has-gray-background-color has-text-color has-background has-link-color wp-elements-06bb2cb5a1d0a32fe4cd40e0eb7c975a\"><strong>Que a &#8220;retomada&#8221; seja, n\u00e3o uma disputa por primazia doutrin\u00e1ria, mas um retorno silencioso ao que sempre funcionou: estudo, prece, a\u00e7\u00e3o \u00fatil e vigil\u00e2ncia contra o pr\u00f3prio orgulho. Como bem disse o Esp\u00edrito amigo, por interm\u00e9dio de Tereza: &#8220;Mostrem \u00e0s pessoas a vastid\u00e3o do mundo espiritual. N\u00f3s n\u00e3o estamos restritos, presos. H\u00e1 um \u00fanico mundo.&#8221; Que possamos, a cada dia, ampliar nossa vis\u00e3o e nosso cora\u00e7\u00e3o para essa vastid\u00e3o.<\/strong><\/p>\n\n\n\n<p><br><\/p>\n<div class=\"fb-background-color\">\n\t\t\t  <div \n\t\t\t  \tclass = \"fb-comments\" \n\t\t\t  \tdata-href = \"https:\/\/www.geolegadodeallankardec.com.br\/es\/artigos\/comunicacoes-de-alem-tumulo\/a-retomada-do-espiritismo-verdadeiro-unidade-humildade-e-proposito\/\"\n\t\t\t  \tdata-numposts = \"10\"\n\t\t\t  \tdata-lazy = \"true\"\n\t\t\t\tdata-colorscheme = \"light\"\n\t\t\t\tdata-order-by = \"social\"\n\t\t\t\tdata-mobile=true>\n\t\t\t  <\/div><\/div>\n\t\t  <style>\n\t\t    .fb-background-color {\n\t\t\t\tbackground: #ffffff !important;\n\t\t\t}\n\t\t\t.fb_iframe_widget_fluid_desktop iframe {\n\t\t\t    width: 100% !important;\n\t\t\t}\n\t\t  <\/style>\n\t\t  ","protected":false},"excerpt":{"rendered":"<p>A seguinte conversa ocorreu na nossa reuni\u00e3o medi\u00fanica online, no dia 28 de abril de 2026. Come\u00e7ou com o Espirito Amigo e posteriormente com Espirito Tereza, m\u00e9dium Sra. Po por psicofonia. Pergunta ao Esp\u00edrito Amigo: Na outra vez, a Teresa veio conversar conosco (vide mensagem de Tereza 2026-04-21). Ela disse que eles estavam fazendo um [&hellip;]<\/p>\n","protected":false},"author":2,"featured_media":8600,"comment_status":"open","ping_status":"open","sticky":false,"template":"","format":"standard","meta":{"footnotes":""},"categories":[414,17,433],"tags":[23,27,36,432,22],"class_list":["post-9355","post","type-post","status-publish","format-standard","has-post-thumbnail","hentry","category-comunicacoes-de-alem-tumulo","category-em-destaque","category-grupo-mediunico-semear","tag-allan-kardec","tag-espiritos","tag-evocacoes","tag-karde","tag-mediunidade"],"yoast_head":"<!-- This site is optimized with the Yoast SEO Premium plugin v21.1 (Yoast SEO v27.4) - https:\/\/yoast.com\/product\/yoast-seo-premium-wordpress\/ -->\n<title>A Retomada do Espiritismo Verdadeiro: Unidade, Humildade e Prop\u00f3sito - Grupo de Estudos O Legado de Allan Kardec<\/title>\n<meta name=\"robots\" content=\"index, follow, max-snippet:-1, max-image-preview:large, max-video-preview:-1\" \/>\n<link rel=\"canonical\" href=\"https:\/\/www.geolegadodeallankardec.com.br\/es\/articulos-2\/comunicaciones-desde-el-mas-alla\/a-retomada-do-espiritismo-verdadeiro-unidade-humildade-e-proposito\/\" \/>\n<meta property=\"og:locale\" content=\"es_ES\" \/>\n<meta property=\"og:type\" content=\"article\" \/>\n<meta property=\"og:title\" content=\"A Retomada do Espiritismo Verdadeiro: Unidade, Humildade e Prop\u00f3sito\" \/>\n<meta property=\"og:description\" content=\"A seguinte conversa ocorreu na nossa reuni\u00e3o medi\u00fanica online, no dia 28 de abril de 2026. Come\u00e7ou com o Espirito Amigo e posteriormente com Espirito Tereza, m\u00e9dium Sra. Po por psicofonia. Pergunta ao Esp\u00edrito Amigo: Na outra vez, a Teresa veio conversar conosco (vide mensagem de Tereza 2026-04-21). Ela disse que eles estavam fazendo um [&hellip;]\" \/>\n<meta property=\"og:url\" content=\"https:\/\/www.geolegadodeallankardec.com.br\/es\/articulos-2\/comunicaciones-desde-el-mas-alla\/a-retomada-do-espiritismo-verdadeiro-unidade-humildade-e-proposito\/\" \/>\n<meta property=\"og:site_name\" content=\"Grupo de Estudos O Legado de Allan Kardec\" \/>\n<meta property=\"article:published_time\" content=\"2026-04-29T12:37:04+00:00\" \/>\n<meta property=\"article:modified_time\" content=\"2026-04-29T14:19:49+00:00\" \/>\n<meta property=\"og:image\" content=\"https:\/\/www.geolegadodeallankardec.com.br\/wp-content\/uploads\/2024\/04\/Congerdesign-plant-4036130_640-1.jpg\" \/>\n\t<meta property=\"og:image:width\" content=\"640\" \/>\n\t<meta property=\"og:image:height\" content=\"427\" \/>\n\t<meta property=\"og:image:type\" content=\"image\/jpeg\" \/>\n<meta name=\"author\" content=\"Ariane Netto D.\" \/>\n<meta name=\"twitter:card\" content=\"summary_large_image\" \/>\n<meta name=\"twitter:label1\" content=\"Escrito por\" \/>\n\t<meta name=\"twitter:data1\" content=\"Ariane Netto D.\" \/>\n\t<meta name=\"twitter:label2\" content=\"Tiempo de lectura\" \/>\n\t<meta name=\"twitter:data2\" content=\"8 minutos\" \/>\n<script type=\"application\/ld+json\" class=\"yoast-schema-graph\">{\"@context\":\"https:\\\/\\\/schema.org\",\"@graph\":[{\"@type\":\"Article\",\"@id\":\"https:\\\/\\\/www.geolegadodeallankardec.com.br\\\/artigos\\\/comunicacoes-de-alem-tumulo\\\/a-retomada-do-espiritismo-verdadeiro-unidade-humildade-e-proposito\\\/#article\",\"isPartOf\":{\"@id\":\"https:\\\/\\\/www.geolegadodeallankardec.com.br\\\/artigos\\\/comunicacoes-de-alem-tumulo\\\/a-retomada-do-espiritismo-verdadeiro-unidade-humildade-e-proposito\\\/\"},\"author\":{\"name\":\"Ariane Netto D.\",\"@id\":\"https:\\\/\\\/www.geolegadodeallankardec.com.br\\\/es\\\/#\\\/schema\\\/person\\\/ccc2c03cb7df60fe98863ee0fc83dad9\"},\"headline\":\"A Retomada do Espiritismo Verdadeiro: Unidade, Humildade e Prop\u00f3sito\",\"datePublished\":\"2026-04-29T12:37:04+00:00\",\"dateModified\":\"2026-04-29T14:19:49+00:00\",\"mainEntityOfPage\":{\"@id\":\"https:\\\/\\\/www.geolegadodeallankardec.com.br\\\/artigos\\\/comunicacoes-de-alem-tumulo\\\/a-retomada-do-espiritismo-verdadeiro-unidade-humildade-e-proposito\\\/\"},\"wordCount\":2382,\"commentCount\":0,\"image\":{\"@id\":\"https:\\\/\\\/www.geolegadodeallankardec.com.br\\\/artigos\\\/comunicacoes-de-alem-tumulo\\\/a-retomada-do-espiritismo-verdadeiro-unidade-humildade-e-proposito\\\/#primaryimage\"},\"thumbnailUrl\":\"https:\\\/\\\/www.geolegadodeallankardec.com.br\\\/wp-content\\\/uploads\\\/2024\\\/04\\\/Congerdesign-plant-4036130_640-1.jpg\",\"keywords\":[\"allan kardec\",\"Esp\u00edritos\",\"evoca\u00e7\u00f5es\",\"karde\",\"mediunidade\"],\"articleSection\":[\"Comunica\u00e7\u00f5es de Al\u00e9m-T\u00famulo\",\"Em Destaque\",\"Grupo Medi\u00fanico Semear\"],\"inLanguage\":\"es\",\"potentialAction\":[{\"@type\":\"CommentAction\",\"name\":\"Comment\",\"target\":[\"https:\\\/\\\/www.geolegadodeallankardec.com.br\\\/artigos\\\/comunicacoes-de-alem-tumulo\\\/a-retomada-do-espiritismo-verdadeiro-unidade-humildade-e-proposito\\\/#respond\"]}]},{\"@type\":\"WebPage\",\"@id\":\"https:\\\/\\\/www.geolegadodeallankardec.com.br\\\/artigos\\\/comunicacoes-de-alem-tumulo\\\/a-retomada-do-espiritismo-verdadeiro-unidade-humildade-e-proposito\\\/\",\"url\":\"https:\\\/\\\/www.geolegadodeallankardec.com.br\\\/artigos\\\/comunicacoes-de-alem-tumulo\\\/a-retomada-do-espiritismo-verdadeiro-unidade-humildade-e-proposito\\\/\",\"name\":\"A Retomada do Espiritismo Verdadeiro: Unidade, Humildade e Prop\u00f3sito - Grupo de Estudos O Legado de Allan Kardec\",\"isPartOf\":{\"@id\":\"https:\\\/\\\/www.geolegadodeallankardec.com.br\\\/es\\\/#website\"},\"primaryImageOfPage\":{\"@id\":\"https:\\\/\\\/www.geolegadodeallankardec.com.br\\\/artigos\\\/comunicacoes-de-alem-tumulo\\\/a-retomada-do-espiritismo-verdadeiro-unidade-humildade-e-proposito\\\/#primaryimage\"},\"image\":{\"@id\":\"https:\\\/\\\/www.geolegadodeallankardec.com.br\\\/artigos\\\/comunicacoes-de-alem-tumulo\\\/a-retomada-do-espiritismo-verdadeiro-unidade-humildade-e-proposito\\\/#primaryimage\"},\"thumbnailUrl\":\"https:\\\/\\\/www.geolegadodeallankardec.com.br\\\/wp-content\\\/uploads\\\/2024\\\/04\\\/Congerdesign-plant-4036130_640-1.jpg\",\"datePublished\":\"2026-04-29T12:37:04+00:00\",\"dateModified\":\"2026-04-29T14:19:49+00:00\",\"author\":{\"@id\":\"https:\\\/\\\/www.geolegadodeallankardec.com.br\\\/es\\\/#\\\/schema\\\/person\\\/ccc2c03cb7df60fe98863ee0fc83dad9\"},\"breadcrumb\":{\"@id\":\"https:\\\/\\\/www.geolegadodeallankardec.com.br\\\/artigos\\\/comunicacoes-de-alem-tumulo\\\/a-retomada-do-espiritismo-verdadeiro-unidade-humildade-e-proposito\\\/#breadcrumb\"},\"inLanguage\":\"es\",\"potentialAction\":[{\"@type\":\"ReadAction\",\"target\":[\"https:\\\/\\\/www.geolegadodeallankardec.com.br\\\/artigos\\\/comunicacoes-de-alem-tumulo\\\/a-retomada-do-espiritismo-verdadeiro-unidade-humildade-e-proposito\\\/\"]}]},{\"@type\":\"ImageObject\",\"inLanguage\":\"es\",\"@id\":\"https:\\\/\\\/www.geolegadodeallankardec.com.br\\\/artigos\\\/comunicacoes-de-alem-tumulo\\\/a-retomada-do-espiritismo-verdadeiro-unidade-humildade-e-proposito\\\/#primaryimage\",\"url\":\"https:\\\/\\\/www.geolegadodeallankardec.com.br\\\/wp-content\\\/uploads\\\/2024\\\/04\\\/Congerdesign-plant-4036130_640-1.jpg\",\"contentUrl\":\"https:\\\/\\\/www.geolegadodeallankardec.com.br\\\/wp-content\\\/uploads\\\/2024\\\/04\\\/Congerdesign-plant-4036130_640-1.jpg\",\"width\":640,\"height\":427},{\"@type\":\"BreadcrumbList\",\"@id\":\"https:\\\/\\\/www.geolegadodeallankardec.com.br\\\/artigos\\\/comunicacoes-de-alem-tumulo\\\/a-retomada-do-espiritismo-verdadeiro-unidade-humildade-e-proposito\\\/#breadcrumb\",\"itemListElement\":[{\"@type\":\"ListItem\",\"position\":1,\"name\":\"In\u00edcio\",\"item\":\"https:\\\/\\\/www.geolegadodeallankardec.com.br\\\/\"},{\"@type\":\"ListItem\",\"position\":2,\"name\":\"A Retomada do Espiritismo Verdadeiro: Unidade, Humildade e Prop\u00f3sito\"}]},{\"@type\":\"WebSite\",\"@id\":\"https:\\\/\\\/www.geolegadodeallankardec.com.br\\\/es\\\/#website\",\"url\":\"https:\\\/\\\/www.geolegadodeallankardec.com.br\\\/es\\\/\",\"name\":\"Grupo de Estudos O Legado de Allan Kardec\",\"description\":\"Grupo de Estudos voltado ao aprofundamento do estudo do Espiritismo\",\"potentialAction\":[{\"@type\":\"SearchAction\",\"target\":{\"@type\":\"EntryPoint\",\"urlTemplate\":\"https:\\\/\\\/www.geolegadodeallankardec.com.br\\\/es\\\/?s={search_term_string}\"},\"query-input\":{\"@type\":\"PropertyValueSpecification\",\"valueRequired\":true,\"valueName\":\"search_term_string\"}}],\"inLanguage\":\"es\"},{\"@type\":\"Person\",\"@id\":\"https:\\\/\\\/www.geolegadodeallankardec.com.br\\\/es\\\/#\\\/schema\\\/person\\\/ccc2c03cb7df60fe98863ee0fc83dad9\",\"name\":\"Ariane Netto D.\",\"image\":{\"@type\":\"ImageObject\",\"inLanguage\":\"es\",\"@id\":\"https:\\\/\\\/secure.gravatar.com\\\/avatar\\\/14fc1f722e80f6b1be558f1ae94d5e179676e32e68eff127e1090ede6fcec267?s=96&d=mm&r=g\",\"url\":\"https:\\\/\\\/secure.gravatar.com\\\/avatar\\\/14fc1f722e80f6b1be558f1ae94d5e179676e32e68eff127e1090ede6fcec267?s=96&d=mm&r=g\",\"contentUrl\":\"https:\\\/\\\/secure.gravatar.com\\\/avatar\\\/14fc1f722e80f6b1be558f1ae94d5e179676e32e68eff127e1090ede6fcec267?s=96&d=mm&r=g\",\"caption\":\"Ariane Netto D.\"},\"url\":\"https:\\\/\\\/www.geolegadodeallankardec.com.br\\\/es\\\/artigos\\\/author\\\/ariane\\\/\"}]}<\/script>\n<!-- \/ Yoast SEO Premium plugin. -->","yoast_head_json":{"title":"A Retomada do Espiritismo Verdadeiro: Unidade, Humildade e Prop\u00f3sito - Grupo de Estudos O Legado de Allan Kardec","robots":{"index":"index","follow":"follow","max-snippet":"max-snippet:-1","max-image-preview":"max-image-preview:large","max-video-preview":"max-video-preview:-1"},"canonical":"https:\/\/www.geolegadodeallankardec.com.br\/es\/articulos-2\/comunicaciones-desde-el-mas-alla\/a-retomada-do-espiritismo-verdadeiro-unidade-humildade-e-proposito\/","og_locale":"es_ES","og_type":"article","og_title":"A Retomada do Espiritismo Verdadeiro: Unidade, Humildade e Prop\u00f3sito","og_description":"A seguinte conversa ocorreu na nossa reuni\u00e3o medi\u00fanica online, no dia 28 de abril de 2026. Come\u00e7ou com o Espirito Amigo e posteriormente com Espirito Tereza, m\u00e9dium Sra. Po por psicofonia. Pergunta ao Esp\u00edrito Amigo: Na outra vez, a Teresa veio conversar conosco (vide mensagem de Tereza 2026-04-21). Ela disse que eles estavam fazendo um [&hellip;]","og_url":"https:\/\/www.geolegadodeallankardec.com.br\/es\/articulos-2\/comunicaciones-desde-el-mas-alla\/a-retomada-do-espiritismo-verdadeiro-unidade-humildade-e-proposito\/","og_site_name":"Grupo de Estudos O Legado de Allan Kardec","article_published_time":"2026-04-29T12:37:04+00:00","article_modified_time":"2026-04-29T14:19:49+00:00","og_image":[{"width":640,"height":427,"url":"https:\/\/www.geolegadodeallankardec.com.br\/wp-content\/uploads\/2024\/04\/Congerdesign-plant-4036130_640-1.jpg","type":"image\/jpeg"}],"author":"Ariane Netto D.","twitter_card":"summary_large_image","twitter_misc":{"Escrito por":"Ariane Netto D.","Tiempo de lectura":"8 minutos"},"schema":{"@context":"https:\/\/schema.org","@graph":[{"@type":"Article","@id":"https:\/\/www.geolegadodeallankardec.com.br\/artigos\/comunicacoes-de-alem-tumulo\/a-retomada-do-espiritismo-verdadeiro-unidade-humildade-e-proposito\/#article","isPartOf":{"@id":"https:\/\/www.geolegadodeallankardec.com.br\/artigos\/comunicacoes-de-alem-tumulo\/a-retomada-do-espiritismo-verdadeiro-unidade-humildade-e-proposito\/"},"author":{"name":"Ariane Netto D.","@id":"https:\/\/www.geolegadodeallankardec.com.br\/es\/#\/schema\/person\/ccc2c03cb7df60fe98863ee0fc83dad9"},"headline":"A Retomada do Espiritismo Verdadeiro: Unidade, Humildade e Prop\u00f3sito","datePublished":"2026-04-29T12:37:04+00:00","dateModified":"2026-04-29T14:19:49+00:00","mainEntityOfPage":{"@id":"https:\/\/www.geolegadodeallankardec.com.br\/artigos\/comunicacoes-de-alem-tumulo\/a-retomada-do-espiritismo-verdadeiro-unidade-humildade-e-proposito\/"},"wordCount":2382,"commentCount":0,"image":{"@id":"https:\/\/www.geolegadodeallankardec.com.br\/artigos\/comunicacoes-de-alem-tumulo\/a-retomada-do-espiritismo-verdadeiro-unidade-humildade-e-proposito\/#primaryimage"},"thumbnailUrl":"https:\/\/www.geolegadodeallankardec.com.br\/wp-content\/uploads\/2024\/04\/Congerdesign-plant-4036130_640-1.jpg","keywords":["allan kardec","Esp\u00edritos","evoca\u00e7\u00f5es","karde","mediunidade"],"articleSection":["Comunica\u00e7\u00f5es de Al\u00e9m-T\u00famulo","Em Destaque","Grupo Medi\u00fanico Semear"],"inLanguage":"es","potentialAction":[{"@type":"CommentAction","name":"Comment","target":["https:\/\/www.geolegadodeallankardec.com.br\/artigos\/comunicacoes-de-alem-tumulo\/a-retomada-do-espiritismo-verdadeiro-unidade-humildade-e-proposito\/#respond"]}]},{"@type":"WebPage","@id":"https:\/\/www.geolegadodeallankardec.com.br\/artigos\/comunicacoes-de-alem-tumulo\/a-retomada-do-espiritismo-verdadeiro-unidade-humildade-e-proposito\/","url":"https:\/\/www.geolegadodeallankardec.com.br\/artigos\/comunicacoes-de-alem-tumulo\/a-retomada-do-espiritismo-verdadeiro-unidade-humildade-e-proposito\/","name":"A Retomada do Espiritismo Verdadeiro: Unidade, Humildade e Prop\u00f3sito - Grupo de Estudos O Legado de Allan Kardec","isPartOf":{"@id":"https:\/\/www.geolegadodeallankardec.com.br\/es\/#website"},"primaryImageOfPage":{"@id":"https:\/\/www.geolegadodeallankardec.com.br\/artigos\/comunicacoes-de-alem-tumulo\/a-retomada-do-espiritismo-verdadeiro-unidade-humildade-e-proposito\/#primaryimage"},"image":{"@id":"https:\/\/www.geolegadodeallankardec.com.br\/artigos\/comunicacoes-de-alem-tumulo\/a-retomada-do-espiritismo-verdadeiro-unidade-humildade-e-proposito\/#primaryimage"},"thumbnailUrl":"https:\/\/www.geolegadodeallankardec.com.br\/wp-content\/uploads\/2024\/04\/Congerdesign-plant-4036130_640-1.jpg","datePublished":"2026-04-29T12:37:04+00:00","dateModified":"2026-04-29T14:19:49+00:00","author":{"@id":"https:\/\/www.geolegadodeallankardec.com.br\/es\/#\/schema\/person\/ccc2c03cb7df60fe98863ee0fc83dad9"},"breadcrumb":{"@id":"https:\/\/www.geolegadodeallankardec.com.br\/artigos\/comunicacoes-de-alem-tumulo\/a-retomada-do-espiritismo-verdadeiro-unidade-humildade-e-proposito\/#breadcrumb"},"inLanguage":"es","potentialAction":[{"@type":"ReadAction","target":["https:\/\/www.geolegadodeallankardec.com.br\/artigos\/comunicacoes-de-alem-tumulo\/a-retomada-do-espiritismo-verdadeiro-unidade-humildade-e-proposito\/"]}]},{"@type":"ImageObject","inLanguage":"es","@id":"https:\/\/www.geolegadodeallankardec.com.br\/artigos\/comunicacoes-de-alem-tumulo\/a-retomada-do-espiritismo-verdadeiro-unidade-humildade-e-proposito\/#primaryimage","url":"https:\/\/www.geolegadodeallankardec.com.br\/wp-content\/uploads\/2024\/04\/Congerdesign-plant-4036130_640-1.jpg","contentUrl":"https:\/\/www.geolegadodeallankardec.com.br\/wp-content\/uploads\/2024\/04\/Congerdesign-plant-4036130_640-1.jpg","width":640,"height":427},{"@type":"BreadcrumbList","@id":"https:\/\/www.geolegadodeallankardec.com.br\/artigos\/comunicacoes-de-alem-tumulo\/a-retomada-do-espiritismo-verdadeiro-unidade-humildade-e-proposito\/#breadcrumb","itemListElement":[{"@type":"ListItem","position":1,"name":"In\u00edcio","item":"https:\/\/www.geolegadodeallankardec.com.br\/"},{"@type":"ListItem","position":2,"name":"A Retomada do Espiritismo Verdadeiro: Unidade, Humildade e Prop\u00f3sito"}]},{"@type":"WebSite","@id":"https:\/\/www.geolegadodeallankardec.com.br\/es\/#website","url":"https:\/\/www.geolegadodeallankardec.com.br\/es\/","name":"Grupo de Estudio El Legado de Allan Kardec","description":"Grupo de Estudio destinado a profundizar el estudio del Espiritismo","potentialAction":[{"@type":"SearchAction","target":{"@type":"EntryPoint","urlTemplate":"https:\/\/www.geolegadodeallankardec.com.br\/es\/?s={search_term_string}"},"query-input":{"@type":"PropertyValueSpecification","valueRequired":true,"valueName":"search_term_string"}}],"inLanguage":"es"},{"@type":"Person","@id":"https:\/\/www.geolegadodeallankardec.com.br\/es\/#\/schema\/person\/ccc2c03cb7df60fe98863ee0fc83dad9","name":"Ariane Netto D.","image":{"@type":"ImageObject","inLanguage":"es","@id":"https:\/\/secure.gravatar.com\/avatar\/14fc1f722e80f6b1be558f1ae94d5e179676e32e68eff127e1090ede6fcec267?s=96&d=mm&r=g","url":"https:\/\/secure.gravatar.com\/avatar\/14fc1f722e80f6b1be558f1ae94d5e179676e32e68eff127e1090ede6fcec267?s=96&d=mm&r=g","contentUrl":"https:\/\/secure.gravatar.com\/avatar\/14fc1f722e80f6b1be558f1ae94d5e179676e32e68eff127e1090ede6fcec267?s=96&d=mm&r=g","caption":"Ariane Netto D."},"url":"https:\/\/www.geolegadodeallankardec.com.br\/es\/artigos\/author\/ariane\/"}]}},"_links":{"self":[{"href":"https:\/\/www.geolegadodeallankardec.com.br\/es\/wp-json\/wp\/v2\/posts\/9355","targetHints":{"allow":["GET"]}}],"collection":[{"href":"https:\/\/www.geolegadodeallankardec.com.br\/es\/wp-json\/wp\/v2\/posts"}],"about":[{"href":"https:\/\/www.geolegadodeallankardec.com.br\/es\/wp-json\/wp\/v2\/types\/post"}],"author":[{"embeddable":true,"href":"https:\/\/www.geolegadodeallankardec.com.br\/es\/wp-json\/wp\/v2\/users\/2"}],"replies":[{"embeddable":true,"href":"https:\/\/www.geolegadodeallankardec.com.br\/es\/wp-json\/wp\/v2\/comments?post=9355"}],"version-history":[{"count":5,"href":"https:\/\/www.geolegadodeallankardec.com.br\/es\/wp-json\/wp\/v2\/posts\/9355\/revisions"}],"predecessor-version":[{"id":9365,"href":"https:\/\/www.geolegadodeallankardec.com.br\/es\/wp-json\/wp\/v2\/posts\/9355\/revisions\/9365"}],"wp:featuredmedia":[{"embeddable":true,"href":"https:\/\/www.geolegadodeallankardec.com.br\/es\/wp-json\/wp\/v2\/media\/8600"}],"wp:attachment":[{"href":"https:\/\/www.geolegadodeallankardec.com.br\/es\/wp-json\/wp\/v2\/media?parent=9355"}],"wp:term":[{"taxonomy":"category","embeddable":true,"href":"https:\/\/www.geolegadodeallankardec.com.br\/es\/wp-json\/wp\/v2\/categories?post=9355"},{"taxonomy":"post_tag","embeddable":true,"href":"https:\/\/www.geolegadodeallankardec.com.br\/es\/wp-json\/wp\/v2\/tags?post=9355"}],"curies":[{"name":"gracias","href":"https:\/\/api.w.org\/{rel}","templated":true}]}}