{"id":9094,"date":"2025-09-15T16:51:11","date_gmt":"2025-09-15T19:51:11","guid":{"rendered":"https:\/\/www.geolegadodeallankardec.com.br\/?p=9094"},"modified":"2025-09-15T20:57:26","modified_gmt":"2025-09-15T23:57:26","slug":"el-traslado-del-espiritismo-de-francia-al-brasil-despues-de-kardec-y-la-recuperacion-de-la-autonomia","status":"publish","type":"post","link":"https:\/\/www.geolegadodeallankardec.com.br\/es\/artigos\/em-destaque\/o-desvio-do-espiritismo-apos-kardec-da-franca-ao-brasil-e-o-resgate-da-autonomia\/","title":{"rendered":"La desviaci\u00f3n del espiritismo despu\u00e9s de Kardec: de Francia a Brasil y el rescate de la autonom\u00eda"},"content":{"rendered":"<div class=\"pdfprnt-buttons pdfprnt-buttons-post pdfprnt-top-right\"><a href=\"https:\/\/www.geolegadodeallankardec.com.br\/es\/wp-json\/wp\/v2\/posts\/9094?print=pdf\" class=\"pdfprnt-button pdfprnt-button-pdf\" target=\"_blank\" ><img decoding=\"async\" data-src=\"https:\/\/www.geolegadodeallankardec.com.br\/wp-content\/plugins\/pdf-print\/images\/pdf.png\" alt=\"imagen_pdf\" title=\"Ver PDF\" src=\"data:image\/svg+xml;base64,PHN2ZyB3aWR0aD0iMSIgaGVpZ2h0PSIxIiB4bWxucz0iaHR0cDovL3d3dy53My5vcmcvMjAwMC9zdmciPjwvc3ZnPg==\" class=\"lazyload\" style=\"--smush-placeholder-width: 32px; --smush-placeholder-aspect-ratio: 32\/32;\" \/><\/a><a href=\"https:\/\/www.geolegadodeallankardec.com.br\/es\/wp-json\/wp\/v2\/posts\/9094?print=print\" class=\"pdfprnt-button pdfprnt-button-print\" target=\"_blank\" ><img decoding=\"async\" data-src=\"https:\/\/www.geolegadodeallankardec.com.br\/wp-content\/plugins\/pdf-print\/images\/print.png\" alt=\"imagen_impresi\u00f3n\" title=\"Imprimir contenido\" src=\"data:image\/svg+xml;base64,PHN2ZyB3aWR0aD0iMSIgaGVpZ2h0PSIxIiB4bWxucz0iaHR0cDovL3d3dy53My5vcmcvMjAwMC9zdmciPjwvc3ZnPg==\" class=\"lazyload\" style=\"--smush-placeholder-width: 32px; --smush-placeholder-aspect-ratio: 32\/32;\" \/><\/a><\/div>\n<p>El espiritismo, tal como lo codific\u00f3 Allan Kardec en el siglo XIX, surgi\u00f3 como una <strong>ciencia filos\u00f3fica con consecuencias morales<\/strong>, ...no como una religi\u00f3n dogm\u00e1tica ni una secta. Su base fundamental resid\u00eda en... <strong>Espiritualismo racional<\/strong>, Un movimiento moderno que utiliz\u00f3 la metodolog\u00eda cient\u00edfica para comprender al ser humano como alma encarnada y desencarnada, buscando la fe razonada en contraposici\u00f3n a la fe ciega y el materialismo. Este enfoque pretend\u00eda... <strong>Revoluci\u00f3n moral y renovaci\u00f3n social<\/strong> de la humanidad, guiada por la moral de la libertad y la autonom\u00eda intelectual.<\/p>\n\n\n\n<p>Kardec previ\u00f3 los desaf\u00edos y desviaciones que su obra enfrentar\u00eda, organizando valiosos archivos para que la verdadera historia pudiera contarse en el futuro. Sin embargo, tras su muerte en 1869, el Espiritismo sufri\u00f3 un rev\u00e9s. <strong>golpe terrible<\/strong> que alter\u00f3 profundamente sus fundamentos, tanto en Francia como, m\u00e1s tarde, en Brasil.<\/p>\n\n\n\n<h3 class=\"wp-block-heading\">La desviaci\u00f3n en la Francia post-Kardec<\/h3>\n\n\n\n<p>Poco despu\u00e9s de la muerte de Allan Kardec, el 31 de marzo de 1869, el movimiento esp\u00edrita franc\u00e9s fue objeto de una... <strong>invasi\u00f3n y descaracterizaci\u00f3n<\/strong>. La Sociedad Parisina de Estudios Espiritistas fue despedida y... <strong>Revista Esp\u00edrita<\/strong> Fue tomada por enemigos invisibles y por manos consideradas amigas.<\/p>\n\n\n\n<p>Una de las maniobras m\u00e1s graves fue la <strong>adulteraci\u00f3n de obras fundamentales<\/strong> de Kardec. Los documentos oficiales franceses prueban que la <strong>quinta edi\u00e7\u00e3o de &#8220;A G\u00eanese, os Milagres e as Predi\u00e7\u00f5es segundo o Espiritismo&#8221;<\/strong>, Publicado en diciembre de 1872, m\u00e1s de tres a\u00f1os despu\u00e9s de la muerte de Kardec, contiene m\u00e1s de cien modificaciones, supresiones y adiciones de contenido. Entre los cambios m\u00e1s significativos se encuentra... <strong>retirada de la teor\u00eda de la conquista progresiva del libre albedr\u00edo<\/strong> y el <strong>implantaci\u00f3n de la idea de un cuerpo flu\u00eddico de Jes\u00fas<\/strong>. De la misma manera, <strong>&#8220;O C\u00e9u e o Inferno&#8221;<\/strong> Sufri\u00f3 cambios profundos en su cuarta edici\u00f3n (1869), publicada <em>autopsia<\/em>, con supresiones y adiciones que invirtieron los conceptos morales sobre la justicia divina. Otras obras como <strong>&#8220;Obras P\u00f3stumas&#8221;<\/strong> es el <strong>&#8220;Cat\u00e1logo Racional&#8221;<\/strong> Tambi\u00e9n estaban adulterados.<\/p>\n\n\n\n<p>Estas adulteraciones fueron orquestadas por <strong>Sociedad An\u00f3nima del Fondo General y Central del Espiritismo<\/strong>, creada despu\u00e9s de la muerte de Kardec con fines lucrativos y que se apropi\u00f3 de los derechos de sus obras y de la Revista Esp\u00edrita.<\/p>\n\n\n\n<p>El abogado <strong>Jean-Baptiste Roustaing<\/strong>, de Burdeos, public\u00f3 la obra en 1866 <strong>&#8220;Os Quatro Evangelhos&#8221;<\/strong>, que se apresentava como uma &#8220;revela\u00e7\u00e3o da revela\u00e7\u00e3o&#8221;. Roustaing propunha o Espiritismo como uma <strong>religi\u00f3n formal<\/strong>, Con dogmas como la &quot;ca\u00edda del esp\u00edritu&quot; y la reencarnaci\u00f3n como castigo divino, adem\u00e1s de la tesis de un cuerpo flu\u00eddico para Jes\u00fas, diametralmente opuesto a la doctrina de Kardec. Kardec critic\u00f3 abiertamente esta obra, se\u00f1alando su premura y sus divergencias con la universalidad de las ense\u00f1anzas de los Esp\u00edritus. <strong>Pierre-Ga\u00ebtan Leymarie<\/strong>, administrador de la Sociedad An\u00f3nima, jug\u00f3 un papel crucial en la difusi\u00f3n de las ideas roustainguinistas y en la adulteraci\u00f3n de las obras de Kardec.<\/p>\n\n\n\n<p>A pesar del golpe, <strong>pioneros fieles<\/strong> Al igual que Am\u00e9lie Boudet (esposa de Kardec), Berthe Fropo, L\u00e9on Denis, Gabriel Delanne y Henri Sausse, lucharon contra estas desviaciones. Fundaron la <strong>Uni\u00f3n Esp\u00edrita Francesa<\/strong> y tu peri\u00f3dico, <em>Espiritismo<\/em>, para denunciar las adulteraciones y defender la integridad de la doctrina original.<\/p>\n\n\n\n<h3 class=\"wp-block-heading\">La desviaci\u00f3n en Brasil y las acciones de Canuto Abreu<\/h3>\n\n\n\n<p>Mientras el roustainguismo estaba en decadencia en Francia, encontr\u00f3 un <strong>terreno f\u00e9rtil en Brasil<\/strong>. La fuerte tradici\u00f3n cat\u00f3lica y la falta de conocimiento sistematizado de cuestiones religiosas entre la poblaci\u00f3n brasile\u00f1a la hicieron susceptible a una doctrina que se presentaba como un punto intermedio entre la raz\u00f3n de Kardec y los dogmas del Viejo Mundo.<\/p>\n\n\n\n<p>Inicialmente, la mayor\u00eda de los esp\u00edritas de R\u00edo de Janeiro, a finales del siglo XIX, buscaban aplicar el Espiritismo seg\u00fan los preceptos de Kardec, con una visi\u00f3n moral basada en las ciencias filos\u00f3ficas y la autonom\u00eda moral. Sin embargo, un peque\u00f1o grupo de roustaing\u00fcistas, que se consideraban disidentes de la Sociedad Acad\u00e9mica, fund\u00f3... <strong>Sociedad de la Fraternidad Esp\u00edrita<\/strong> es el <strong>Grupo Say\u00e3o<\/strong> (o Grupo de los Humildes) en R\u00edo de Janeiro.<\/p>\n\n\n\n<p>LOS <strong>Federaci\u00f3n Esp\u00edrita Brasile\u00f1a (FEB)<\/strong>, fundada em 1884, que inicialmente aludia a um car\u00e1ter progressista e ao estudo das obras de Kardec, acabou sendo influenciada pelo roustainguismo. Em 1902, &#8220;Os Quatro Evangelhos&#8221; de Roustaing foi preferido ao &#8220;O Evangelho segundo o Espiritismo&#8221; nas sess\u00f5es de estudo da FEB, sob o argumento de ser uma &#8220;revela\u00e7\u00e3o completa&#8221;. A revista <strong>&#8220;Reformador&#8221;<\/strong>, que inicialmente ten\u00eda una tendencia secular y librepensadora, pas\u00f3 a ser utilizada para difundir las ideas roustainguinistas.<\/p>\n\n\n\n<p><strong>Bezerra de Menezes<\/strong>, Tras convertirse en espiritista, se aline\u00f3 con grupos roustaingistas, defendiendo la idea de que el espiritismo es una religi\u00f3n y que se debe seguir la obra de Roustaing, lo cual representaba un retroceso respecto al espiritismo racional. Se convirti\u00f3 en mecenas de la FEB (Federaci\u00f3n Esp\u00edrita Brasile\u00f1a). La obra <strong>&#8220;Brasil, Cora\u00e7\u00e3o do Mundo, P\u00e1tria do Evangelho&#8221;<\/strong>, El texto, psicografiado por Chico Xavier, fue utilizado por la FEB (Federaci\u00f3n Esp\u00edrita Brasile\u00f1a) para intentar legitimar la inclusi\u00f3n de Roustaing como uno de los misioneros que ayudaron a Kardec en la &quot;organizaci\u00f3n de la obra de la fe&quot;, lo que fue cuestionado por la incineraci\u00f3n de originales y por estudiosos como Herculano Pires.<\/p>\n\n\n\n<p>El investigador brasile\u00f1o <strong>Silvino Canuto Abreu<\/strong> (1892-1961) desempe\u00f1\u00f3 un papel fundamental en la denuncia de esta desviaci\u00f3n. Tras una profunda investigaci\u00f3n en Francia y Brasil, observ\u00f3 las significativas diferencias entre las propuestas humanitarias de Kardec para la libertad y el panorama religioso formal y dogm\u00e1tico del movimiento esp\u00edrita observado en la FEB (Federaci\u00f3n Esp\u00edrita Brasile\u00f1a) a principios del siglo XX. Canuto Abreu dedic\u00f3 su vida a recopilar miles de documentos, manuscritos originales de Kardec y testimonios de pioneros, que se convirtieron en una colecci\u00f3n invaluable para recuperar la historia original del Espiritismo. Sus denuncias, como el art\u00edculo in\u00e9dito &quot;Espiritismo y Religiones&quot; de 1934, permanecieron ocultas durante 85 a\u00f1os, pero fueron cruciales para comprender c\u00f3mo se expandi\u00f3 el &quot;tradicionalismo retr\u00f3grado basado en la tradici\u00f3n m\u00edstica&quot; dentro del movimiento esp\u00edrita brasile\u00f1o.<\/p>\n\n\n\n<h3 class=\"wp-block-heading\">El papel del espiritualismo racional<\/h3>\n\n\n\n<p>O <strong>Espiritualismo racional<\/strong> Fue el contexto cultural y filos\u00f3fico el que allan\u00f3 el camino para el surgimiento del Espiritismo en Francia. Se estableci\u00f3 como la filosof\u00eda oficial en las universidades francesas despu\u00e9s de 1830, como reacci\u00f3n contra el escepticismo materialista y el dogmatismo religioso. Pensadores como Victor Cousin, Jouffroy y Paul Janet, quienes publicaron con la Biblioteca Acad\u00e9mica de Pierre-Paul Didier, abogaron por... <strong>moral secular de la libertad y el deber<\/strong>, Bas\u00e1ndose en la concepci\u00f3n psicol\u00f3gica cient\u00edfica del ser humano, lucharon por la libertad de pensamiento, conciencia y moralidad. Kardec, disc\u00edpulo de Pestalozzi y ya partidario del Espiritismo Racional, clasific\u00f3 el Espiritismo como... <strong>Desarrollo del Espiritismo Racional<\/strong>.<\/p>\n\n\n\n<p>La mayor\u00eda de los espiritistas de la \u00e9poca de Kardec proven\u00edan del espiritismo racional, y ya pose\u00edan una comprensi\u00f3n de la autonom\u00eda moral y estudios psicol\u00f3gicos. Sin embargo, en Brasil, la corriente espiritista racional, liderada por Gon\u00e7alves de Magalh\u00e3es y Porto-Alegre, a pesar de influir en maestros y alumnos, fue r\u00e1pidamente silenciada y olvidada, lo que impidi\u00f3 que el espiritismo encontrara el mismo ambiente favorable que en Francia. La falta de esta base hizo al movimiento espiritista brasile\u00f1o m\u00e1s vulnerable a ideas heter\u00f3nomas y dogm\u00e1ticas, como el roustainguismo.<\/p>\n\n\n\n<h3 class=\"wp-block-heading\">Conclusi\u00f3n: La reuni\u00f3n necesaria<\/h3>\n\n\n\n<p>La desviaci\u00f3n del Espiritismo despu\u00e9s de la muerte de Kardec, tanto en Francia como en Brasil, result\u00f3 en... <strong>distorsi\u00f3n de su naturaleza original como ciencia filos\u00f3fica y moral en una secta religiosa con dogmas y jerarqu\u00edas.<\/strong>. La restauraci\u00f3n de la verdad hist\u00f3rica y doctrinal, emprendida por investigadores como Canuto Abreu y Simoni Privato Goidanich, es un paso esencial para que el Espiritismo cumpla verdaderamente su finalidad. <strong>con el prop\u00f3sito de elevar intelectual y moralmente a la humanidad.<\/strong>, seg\u00fan la visi\u00f3n de Allan Kardec y los Esp\u00edritus Superiores. El regreso a <strong>fe razonada<\/strong>, La adhesi\u00f3n a la universalidad de las ense\u00f1anzas de los Esp\u00edritus y a la moral aut\u00f3noma es crucial para que la doctrina contin\u00fae su progreso y se libere de los grilletes del pasado.<\/p>\n\n\n\n<h2 class=\"wp-block-heading\">Bibliograf\u00eda<\/h2>\n\n\n\n<p>. <strong>Autonom\u00eda: La historia no contada del espiritismo<\/strong><\/p>\n\n\n\n<p>2. <strong>Mucha luz (Beaucoup de Lumi\u00e8re)<\/strong>, por Berthe Fropo<\/p>\n\n\n\n<p>3. <strong>Mesmer: La ciencia negada y los textos ocultos<\/strong><\/p>\n\n\n\n<p>4. <strong>Ni cielo ni infierno: Las leyes del alma seg\u00fan el espiritismo<\/strong><\/p>\n\n\n\n<p>5. <strong>La Palabra y la Carne: Dos An\u00e1lisis del Roustainguismo<\/strong> (o simplemente <strong>La Palabra y la Carne<\/strong>)<\/p>\n\n\n\n<p>6. <strong>El legado de Allan Kardec<\/strong><\/p>\n\n\n\n<p>7. <strong>Punto Final: El Reencuentro del Espiritismo con Allan Kardec<\/strong><\/p>\n\n\n\n<p>8. <strong>Revoluci\u00f3n Esp\u00edrita. La teor\u00eda olvidada de Allan Kardec:<\/strong><\/p>\n\n\n\n<p>9. <strong>La primac\u00eda de Kardec<\/strong><\/p>\n<div class=\"fb-background-color\">\n\t\t\t  <div \n\t\t\t  \tclass = \"fb-comments\" \n\t\t\t  \tdata-href = \"https:\/\/www.geolegadodeallankardec.com.br\/es\/artigos\/em-destaque\/o-desvio-do-espiritismo-apos-kardec-da-franca-ao-brasil-e-o-resgate-da-autonomia\/\"\n\t\t\t  \tdata-numposts = \"10\"\n\t\t\t  \tdata-lazy = \"true\"\n\t\t\t\tdata-colorscheme = \"light\"\n\t\t\t\tdata-order-by = \"social\"\n\t\t\t\tdata-mobile=\"true\">\n\t\t\t  <\/div><\/div>\n\t\t  <style>\n\t\t    .fb-background-color {\n\t\t\t\tbackground: #ffffff !important;\n\t\t\t}\n\t\t\t.fb_iframe_widget_fluid_desktop iframe {\n\t\t\t    width: 100% !important;\n\t\t\t}\n\t\t  <\/style>","protected":false},"excerpt":{"rendered":"<p>O Espiritismo, conforme codificado por Allan Kardec no s\u00e9culo XIX, surgiu como uma ci\u00eancia filos\u00f3fica com consequ\u00eancias morais, n\u00e3o como uma religi\u00e3o dogm\u00e1tica ou uma seita. Sua base fundamental estava no Espiritualismo Racional, um movimento moderno que utilizava a metodologia cient\u00edfica para compreender o ser humano como alma encarnada e desencarnada, buscando a f\u00e9 raciocinada [&hellip;]<\/p>\n","protected":false},"author":12,"featured_media":9095,"comment_status":"open","ping_status":"open","sticky":false,"template":"","format":"standard","meta":{"footnotes":""},"categories":[17,18],"tags":[],"class_list":["post-9094","post","type-post","status-publish","format-standard","has-post-thumbnail","hentry","category-em-destaque","category-historia-do-espiritismo"],"yoast_head":"<!-- This site is optimized with the Yoast SEO Premium plugin v21.1 (Yoast SEO v27.4) - https:\/\/yoast.com\/product\/yoast-seo-premium-wordpress\/ -->\n<title>O Desvio do Espiritismo Ap\u00f3s Kardec: Da Fran\u00e7a ao Brasil, e o Resgate da Autonomia - Grupo de Estudos O Legado de Allan Kardec<\/title>\n<meta name=\"robots\" content=\"index, follow, max-snippet:-1, max-image-preview:large, max-video-preview:-1\" \/>\n<link rel=\"canonical\" href=\"https:\/\/www.geolegadodeallankardec.com.br\/es\/articulos-2\/destacado-2\/el-traslado-del-espiritismo-de-francia-al-brasil-despues-de-kardec-y-la-recuperacion-de-la-autonomia\/\" \/>\n<meta property=\"og:locale\" content=\"es_ES\" \/>\n<meta property=\"og:type\" content=\"article\" \/>\n<meta property=\"og:title\" content=\"O Desvio do Espiritismo Ap\u00f3s Kardec: Da Fran\u00e7a ao Brasil, e o Resgate da Autonomia\" \/>\n<meta property=\"og:description\" content=\"O Espiritismo, conforme codificado por Allan Kardec no s\u00e9culo XIX, surgiu como uma ci\u00eancia filos\u00f3fica com consequ\u00eancias morais, n\u00e3o como uma religi\u00e3o dogm\u00e1tica ou uma seita. Sua base fundamental estava no Espiritualismo Racional, um movimento moderno que utilizava a metodologia cient\u00edfica para compreender o ser humano como alma encarnada e desencarnada, buscando a f\u00e9 raciocinada [&hellip;]\" \/>\n<meta property=\"og:url\" content=\"https:\/\/www.geolegadodeallankardec.com.br\/es\/articulos-2\/destacado-2\/el-traslado-del-espiritismo-de-francia-al-brasil-despues-de-kardec-y-la-recuperacion-de-la-autonomia\/\" \/>\n<meta property=\"og:site_name\" content=\"Grupo de Estudos O Legado de Allan Kardec\" \/>\n<meta property=\"article:published_time\" content=\"2025-09-15T19:51:11+00:00\" \/>\n<meta property=\"article:modified_time\" content=\"2025-09-15T23:57:26+00:00\" \/>\n<meta property=\"og:image\" content=\"https:\/\/www.geolegadodeallankardec.com.br\/wp-content\/uploads\/2025\/09\/O-Desvio-do-Espiritismo-Apos-Kardec-Da-Franca-ao-Brasil-e-o-Resgate-da-Autonomia.jpg\" \/>\n\t<meta property=\"og:image:width\" content=\"1200\" \/>\n\t<meta property=\"og:image:height\" content=\"800\" \/>\n\t<meta property=\"og:image:type\" content=\"image\/jpeg\" \/>\n<meta name=\"author\" content=\"Paulo Degering R Jr\" \/>\n<meta name=\"twitter:card\" content=\"summary_large_image\" \/>\n<meta name=\"twitter:label1\" content=\"Escrito por\" \/>\n\t<meta name=\"twitter:data1\" content=\"Paulo Degering R Jr\" \/>\n\t<meta name=\"twitter:label2\" content=\"Tiempo de lectura\" \/>\n\t<meta name=\"twitter:data2\" content=\"8 minutos\" \/>\n<script type=\"application\/ld+json\" class=\"yoast-schema-graph\">{\"@context\":\"https:\\\/\\\/schema.org\",\"@graph\":[{\"@type\":\"Article\",\"@id\":\"https:\\\/\\\/www.geolegadodeallankardec.com.br\\\/artigos\\\/em-destaque\\\/o-desvio-do-espiritismo-apos-kardec-da-franca-ao-brasil-e-o-resgate-da-autonomia\\\/#article\",\"isPartOf\":{\"@id\":\"https:\\\/\\\/www.geolegadodeallankardec.com.br\\\/artigos\\\/em-destaque\\\/o-desvio-do-espiritismo-apos-kardec-da-franca-ao-brasil-e-o-resgate-da-autonomia\\\/\"},\"author\":{\"name\":\"Paulo Degering R Jr\",\"@id\":\"https:\\\/\\\/www.geolegadodeallankardec.com.br\\\/es\\\/#\\\/schema\\\/person\\\/1aaace837bed864843c5c64bb068ada8\"},\"headline\":\"O Desvio do Espiritismo Ap\u00f3s Kardec: Da Fran\u00e7a ao Brasil, e o Resgate da Autonomia\",\"datePublished\":\"2025-09-15T19:51:11+00:00\",\"dateModified\":\"2025-09-15T23:57:26+00:00\",\"mainEntityOfPage\":{\"@id\":\"https:\\\/\\\/www.geolegadodeallankardec.com.br\\\/artigos\\\/em-destaque\\\/o-desvio-do-espiritismo-apos-kardec-da-franca-ao-brasil-e-o-resgate-da-autonomia\\\/\"},\"wordCount\":1461,\"commentCount\":0,\"image\":{\"@id\":\"https:\\\/\\\/www.geolegadodeallankardec.com.br\\\/artigos\\\/em-destaque\\\/o-desvio-do-espiritismo-apos-kardec-da-franca-ao-brasil-e-o-resgate-da-autonomia\\\/#primaryimage\"},\"thumbnailUrl\":\"https:\\\/\\\/www.geolegadodeallankardec.com.br\\\/wp-content\\\/uploads\\\/2025\\\/09\\\/O-Desvio-do-Espiritismo-Apos-Kardec-Da-Franca-ao-Brasil-e-o-Resgate-da-Autonomia.jpg\",\"articleSection\":[\"Em Destaque\",\"Hist\u00f3ria do Espiritismo\"],\"inLanguage\":\"es\",\"potentialAction\":[{\"@type\":\"CommentAction\",\"name\":\"Comment\",\"target\":[\"https:\\\/\\\/www.geolegadodeallankardec.com.br\\\/artigos\\\/em-destaque\\\/o-desvio-do-espiritismo-apos-kardec-da-franca-ao-brasil-e-o-resgate-da-autonomia\\\/#respond\"]}]},{\"@type\":\"WebPage\",\"@id\":\"https:\\\/\\\/www.geolegadodeallankardec.com.br\\\/artigos\\\/em-destaque\\\/o-desvio-do-espiritismo-apos-kardec-da-franca-ao-brasil-e-o-resgate-da-autonomia\\\/\",\"url\":\"https:\\\/\\\/www.geolegadodeallankardec.com.br\\\/artigos\\\/em-destaque\\\/o-desvio-do-espiritismo-apos-kardec-da-franca-ao-brasil-e-o-resgate-da-autonomia\\\/\",\"name\":\"O Desvio do Espiritismo Ap\u00f3s Kardec: Da Fran\u00e7a ao Brasil, e o Resgate da Autonomia - Grupo de Estudos O Legado de Allan Kardec\",\"isPartOf\":{\"@id\":\"https:\\\/\\\/www.geolegadodeallankardec.com.br\\\/es\\\/#website\"},\"primaryImageOfPage\":{\"@id\":\"https:\\\/\\\/www.geolegadodeallankardec.com.br\\\/artigos\\\/em-destaque\\\/o-desvio-do-espiritismo-apos-kardec-da-franca-ao-brasil-e-o-resgate-da-autonomia\\\/#primaryimage\"},\"image\":{\"@id\":\"https:\\\/\\\/www.geolegadodeallankardec.com.br\\\/artigos\\\/em-destaque\\\/o-desvio-do-espiritismo-apos-kardec-da-franca-ao-brasil-e-o-resgate-da-autonomia\\\/#primaryimage\"},\"thumbnailUrl\":\"https:\\\/\\\/www.geolegadodeallankardec.com.br\\\/wp-content\\\/uploads\\\/2025\\\/09\\\/O-Desvio-do-Espiritismo-Apos-Kardec-Da-Franca-ao-Brasil-e-o-Resgate-da-Autonomia.jpg\",\"datePublished\":\"2025-09-15T19:51:11+00:00\",\"dateModified\":\"2025-09-15T23:57:26+00:00\",\"author\":{\"@id\":\"https:\\\/\\\/www.geolegadodeallankardec.com.br\\\/es\\\/#\\\/schema\\\/person\\\/1aaace837bed864843c5c64bb068ada8\"},\"breadcrumb\":{\"@id\":\"https:\\\/\\\/www.geolegadodeallankardec.com.br\\\/artigos\\\/em-destaque\\\/o-desvio-do-espiritismo-apos-kardec-da-franca-ao-brasil-e-o-resgate-da-autonomia\\\/#breadcrumb\"},\"inLanguage\":\"es\",\"potentialAction\":[{\"@type\":\"ReadAction\",\"target\":[\"https:\\\/\\\/www.geolegadodeallankardec.com.br\\\/artigos\\\/em-destaque\\\/o-desvio-do-espiritismo-apos-kardec-da-franca-ao-brasil-e-o-resgate-da-autonomia\\\/\"]}]},{\"@type\":\"ImageObject\",\"inLanguage\":\"es\",\"@id\":\"https:\\\/\\\/www.geolegadodeallankardec.com.br\\\/artigos\\\/em-destaque\\\/o-desvio-do-espiritismo-apos-kardec-da-franca-ao-brasil-e-o-resgate-da-autonomia\\\/#primaryimage\",\"url\":\"https:\\\/\\\/www.geolegadodeallankardec.com.br\\\/wp-content\\\/uploads\\\/2025\\\/09\\\/O-Desvio-do-Espiritismo-Apos-Kardec-Da-Franca-ao-Brasil-e-o-Resgate-da-Autonomia.jpg\",\"contentUrl\":\"https:\\\/\\\/www.geolegadodeallankardec.com.br\\\/wp-content\\\/uploads\\\/2025\\\/09\\\/O-Desvio-do-Espiritismo-Apos-Kardec-Da-Franca-ao-Brasil-e-o-Resgate-da-Autonomia.jpg\",\"width\":1200,\"height\":800},{\"@type\":\"BreadcrumbList\",\"@id\":\"https:\\\/\\\/www.geolegadodeallankardec.com.br\\\/artigos\\\/em-destaque\\\/o-desvio-do-espiritismo-apos-kardec-da-franca-ao-brasil-e-o-resgate-da-autonomia\\\/#breadcrumb\",\"itemListElement\":[{\"@type\":\"ListItem\",\"position\":1,\"name\":\"In\u00edcio\",\"item\":\"https:\\\/\\\/www.geolegadodeallankardec.com.br\\\/\"},{\"@type\":\"ListItem\",\"position\":2,\"name\":\"O Desvio do Espiritismo Ap\u00f3s Kardec: Da Fran\u00e7a ao Brasil, e o Resgate da Autonomia\"}]},{\"@type\":\"WebSite\",\"@id\":\"https:\\\/\\\/www.geolegadodeallankardec.com.br\\\/es\\\/#website\",\"url\":\"https:\\\/\\\/www.geolegadodeallankardec.com.br\\\/es\\\/\",\"name\":\"Grupo de Estudos O Legado de Allan Kardec\",\"description\":\"Grupo de Estudos voltado ao aprofundamento do estudo do Espiritismo\",\"potentialAction\":[{\"@type\":\"SearchAction\",\"target\":{\"@type\":\"EntryPoint\",\"urlTemplate\":\"https:\\\/\\\/www.geolegadodeallankardec.com.br\\\/es\\\/?s={search_term_string}\"},\"query-input\":{\"@type\":\"PropertyValueSpecification\",\"valueRequired\":true,\"valueName\":\"search_term_string\"}}],\"inLanguage\":\"es\"},{\"@type\":\"Person\",\"@id\":\"https:\\\/\\\/www.geolegadodeallankardec.com.br\\\/es\\\/#\\\/schema\\\/person\\\/1aaace837bed864843c5c64bb068ada8\",\"name\":\"Paulo Degering R Jr\",\"image\":{\"@type\":\"ImageObject\",\"inLanguage\":\"es\",\"@id\":\"https:\\\/\\\/secure.gravatar.com\\\/avatar\\\/5ec7a36bbebae506e9d72b049bd621e6e4c85382a1370608fa53c8bb1f3311a2?s=96&d=mm&r=g\",\"url\":\"https:\\\/\\\/secure.gravatar.com\\\/avatar\\\/5ec7a36bbebae506e9d72b049bd621e6e4c85382a1370608fa53c8bb1f3311a2?s=96&d=mm&r=g\",\"contentUrl\":\"https:\\\/\\\/secure.gravatar.com\\\/avatar\\\/5ec7a36bbebae506e9d72b049bd621e6e4c85382a1370608fa53c8bb1f3311a2?s=96&d=mm&r=g\",\"caption\":\"Paulo Degering R Jr\"},\"url\":\"https:\\\/\\\/www.geolegadodeallankardec.com.br\\\/es\\\/artigos\\\/author\\\/paulo-degering-rosa-junior\\\/\"}]}<\/script>\n<!-- \/ Yoast SEO Premium plugin. -->","yoast_head_json":{"title":"La desviaci\u00f3n del Espiritismo despu\u00e9s de Kardec: de Francia a Brasil y la recuperaci\u00f3n de la autonom\u00eda - Grupo de Estudio El Legado de Allan Kardec","robots":{"index":"index","follow":"follow","max-snippet":"max-snippet:-1","max-image-preview":"max-image-preview:large","max-video-preview":"max-video-preview:-1"},"canonical":"https:\/\/www.geolegadodeallankardec.com.br\/es\/articulos-2\/destacado-2\/el-traslado-del-espiritismo-de-francia-al-brasil-despues-de-kardec-y-la-recuperacion-de-la-autonomia\/","og_locale":"es_ES","og_type":"article","og_title":"O Desvio do Espiritismo Ap\u00f3s Kardec: Da Fran\u00e7a ao Brasil, e o Resgate da Autonomia","og_description":"O Espiritismo, conforme codificado por Allan Kardec no s\u00e9culo XIX, surgiu como uma ci\u00eancia filos\u00f3fica com consequ\u00eancias morais, n\u00e3o como uma religi\u00e3o dogm\u00e1tica ou uma seita. Sua base fundamental estava no Espiritualismo Racional, um movimento moderno que utilizava a metodologia cient\u00edfica para compreender o ser humano como alma encarnada e desencarnada, buscando a f\u00e9 raciocinada [&hellip;]","og_url":"https:\/\/www.geolegadodeallankardec.com.br\/es\/articulos-2\/destacado-2\/el-traslado-del-espiritismo-de-francia-al-brasil-despues-de-kardec-y-la-recuperacion-de-la-autonomia\/","og_site_name":"Grupo de Estudos O Legado de Allan Kardec","article_published_time":"2025-09-15T19:51:11+00:00","article_modified_time":"2025-09-15T23:57:26+00:00","og_image":[{"width":1200,"height":800,"url":"https:\/\/www.geolegadodeallankardec.com.br\/wp-content\/uploads\/2025\/09\/O-Desvio-do-Espiritismo-Apos-Kardec-Da-Franca-ao-Brasil-e-o-Resgate-da-Autonomia.jpg","type":"image\/jpeg"}],"author":"Paulo Degering R Jr","twitter_card":"summary_large_image","twitter_misc":{"Escrito por":"Paulo Degering R Jr","Tiempo de lectura":"8 minutos"},"schema":{"@context":"https:\/\/schema.org","@graph":[{"@type":"Article","@id":"https:\/\/www.geolegadodeallankardec.com.br\/artigos\/em-destaque\/o-desvio-do-espiritismo-apos-kardec-da-franca-ao-brasil-e-o-resgate-da-autonomia\/#article","isPartOf":{"@id":"https:\/\/www.geolegadodeallankardec.com.br\/artigos\/em-destaque\/o-desvio-do-espiritismo-apos-kardec-da-franca-ao-brasil-e-o-resgate-da-autonomia\/"},"author":{"name":"Paulo Degering R Jr","@id":"https:\/\/www.geolegadodeallankardec.com.br\/es\/#\/schema\/person\/1aaace837bed864843c5c64bb068ada8"},"headline":"O Desvio do Espiritismo Ap\u00f3s Kardec: Da Fran\u00e7a ao Brasil, e o Resgate da Autonomia","datePublished":"2025-09-15T19:51:11+00:00","dateModified":"2025-09-15T23:57:26+00:00","mainEntityOfPage":{"@id":"https:\/\/www.geolegadodeallankardec.com.br\/artigos\/em-destaque\/o-desvio-do-espiritismo-apos-kardec-da-franca-ao-brasil-e-o-resgate-da-autonomia\/"},"wordCount":1461,"commentCount":0,"image":{"@id":"https:\/\/www.geolegadodeallankardec.com.br\/artigos\/em-destaque\/o-desvio-do-espiritismo-apos-kardec-da-franca-ao-brasil-e-o-resgate-da-autonomia\/#primaryimage"},"thumbnailUrl":"https:\/\/www.geolegadodeallankardec.com.br\/wp-content\/uploads\/2025\/09\/O-Desvio-do-Espiritismo-Apos-Kardec-Da-Franca-ao-Brasil-e-o-Resgate-da-Autonomia.jpg","articleSection":["Em Destaque","Hist\u00f3ria do Espiritismo"],"inLanguage":"es","potentialAction":[{"@type":"CommentAction","name":"Comment","target":["https:\/\/www.geolegadodeallankardec.com.br\/artigos\/em-destaque\/o-desvio-do-espiritismo-apos-kardec-da-franca-ao-brasil-e-o-resgate-da-autonomia\/#respond"]}]},{"@type":"WebPage","@id":"https:\/\/www.geolegadodeallankardec.com.br\/artigos\/em-destaque\/o-desvio-do-espiritismo-apos-kardec-da-franca-ao-brasil-e-o-resgate-da-autonomia\/","url":"https:\/\/www.geolegadodeallankardec.com.br\/artigos\/em-destaque\/o-desvio-do-espiritismo-apos-kardec-da-franca-ao-brasil-e-o-resgate-da-autonomia\/","name":"La desviaci\u00f3n del Espiritismo despu\u00e9s de Kardec: de Francia a Brasil y la recuperaci\u00f3n de la autonom\u00eda - Grupo de Estudio El Legado de Allan Kardec","isPartOf":{"@id":"https:\/\/www.geolegadodeallankardec.com.br\/es\/#website"},"primaryImageOfPage":{"@id":"https:\/\/www.geolegadodeallankardec.com.br\/artigos\/em-destaque\/o-desvio-do-espiritismo-apos-kardec-da-franca-ao-brasil-e-o-resgate-da-autonomia\/#primaryimage"},"image":{"@id":"https:\/\/www.geolegadodeallankardec.com.br\/artigos\/em-destaque\/o-desvio-do-espiritismo-apos-kardec-da-franca-ao-brasil-e-o-resgate-da-autonomia\/#primaryimage"},"thumbnailUrl":"https:\/\/www.geolegadodeallankardec.com.br\/wp-content\/uploads\/2025\/09\/O-Desvio-do-Espiritismo-Apos-Kardec-Da-Franca-ao-Brasil-e-o-Resgate-da-Autonomia.jpg","datePublished":"2025-09-15T19:51:11+00:00","dateModified":"2025-09-15T23:57:26+00:00","author":{"@id":"https:\/\/www.geolegadodeallankardec.com.br\/es\/#\/schema\/person\/1aaace837bed864843c5c64bb068ada8"},"breadcrumb":{"@id":"https:\/\/www.geolegadodeallankardec.com.br\/artigos\/em-destaque\/o-desvio-do-espiritismo-apos-kardec-da-franca-ao-brasil-e-o-resgate-da-autonomia\/#breadcrumb"},"inLanguage":"es","potentialAction":[{"@type":"ReadAction","target":["https:\/\/www.geolegadodeallankardec.com.br\/artigos\/em-destaque\/o-desvio-do-espiritismo-apos-kardec-da-franca-ao-brasil-e-o-resgate-da-autonomia\/"]}]},{"@type":"ImageObject","inLanguage":"es","@id":"https:\/\/www.geolegadodeallankardec.com.br\/artigos\/em-destaque\/o-desvio-do-espiritismo-apos-kardec-da-franca-ao-brasil-e-o-resgate-da-autonomia\/#primaryimage","url":"https:\/\/www.geolegadodeallankardec.com.br\/wp-content\/uploads\/2025\/09\/O-Desvio-do-Espiritismo-Apos-Kardec-Da-Franca-ao-Brasil-e-o-Resgate-da-Autonomia.jpg","contentUrl":"https:\/\/www.geolegadodeallankardec.com.br\/wp-content\/uploads\/2025\/09\/O-Desvio-do-Espiritismo-Apos-Kardec-Da-Franca-ao-Brasil-e-o-Resgate-da-Autonomia.jpg","width":1200,"height":800},{"@type":"BreadcrumbList","@id":"https:\/\/www.geolegadodeallankardec.com.br\/artigos\/em-destaque\/o-desvio-do-espiritismo-apos-kardec-da-franca-ao-brasil-e-o-resgate-da-autonomia\/#breadcrumb","itemListElement":[{"@type":"ListItem","position":1,"name":"In\u00edcio","item":"https:\/\/www.geolegadodeallankardec.com.br\/"},{"@type":"ListItem","position":2,"name":"O Desvio do Espiritismo Ap\u00f3s Kardec: Da Fran\u00e7a ao Brasil, e o Resgate da Autonomia"}]},{"@type":"WebSite","@id":"https:\/\/www.geolegadodeallankardec.com.br\/es\/#website","url":"https:\/\/www.geolegadodeallankardec.com.br\/es\/","name":"Grupo de Estudio El Legado de Allan Kardec","description":"Grupo de Estudio destinado a profundizar el estudio del Espiritismo","potentialAction":[{"@type":"SearchAction","target":{"@type":"EntryPoint","urlTemplate":"https:\/\/www.geolegadodeallankardec.com.br\/es\/?s={search_term_string}"},"query-input":{"@type":"PropertyValueSpecification","valueRequired":true,"valueName":"search_term_string"}}],"inLanguage":"es"},{"@type":"Person","@id":"https:\/\/www.geolegadodeallankardec.com.br\/es\/#\/schema\/person\/1aaace837bed864843c5c64bb068ada8","name":"Paulo Degering R Jr.","image":{"@type":"ImageObject","inLanguage":"es","@id":"https:\/\/secure.gravatar.com\/avatar\/5ec7a36bbebae506e9d72b049bd621e6e4c85382a1370608fa53c8bb1f3311a2?s=96&d=mm&r=g","url":"https:\/\/secure.gravatar.com\/avatar\/5ec7a36bbebae506e9d72b049bd621e6e4c85382a1370608fa53c8bb1f3311a2?s=96&d=mm&r=g","contentUrl":"https:\/\/secure.gravatar.com\/avatar\/5ec7a36bbebae506e9d72b049bd621e6e4c85382a1370608fa53c8bb1f3311a2?s=96&d=mm&r=g","caption":"Paulo Degering R Jr"},"url":"https:\/\/www.geolegadodeallankardec.com.br\/es\/artigos\/author\/paulo-degering-rosa-junior\/"}]}},"_links":{"self":[{"href":"https:\/\/www.geolegadodeallankardec.com.br\/es\/wp-json\/wp\/v2\/posts\/9094","targetHints":{"allow":["GET"]}}],"collection":[{"href":"https:\/\/www.geolegadodeallankardec.com.br\/es\/wp-json\/wp\/v2\/posts"}],"about":[{"href":"https:\/\/www.geolegadodeallankardec.com.br\/es\/wp-json\/wp\/v2\/types\/post"}],"author":[{"embeddable":true,"href":"https:\/\/www.geolegadodeallankardec.com.br\/es\/wp-json\/wp\/v2\/users\/12"}],"replies":[{"embeddable":true,"href":"https:\/\/www.geolegadodeallankardec.com.br\/es\/wp-json\/wp\/v2\/comments?post=9094"}],"version-history":[{"count":2,"href":"https:\/\/www.geolegadodeallankardec.com.br\/es\/wp-json\/wp\/v2\/posts\/9094\/revisions"}],"predecessor-version":[{"id":9098,"href":"https:\/\/www.geolegadodeallankardec.com.br\/es\/wp-json\/wp\/v2\/posts\/9094\/revisions\/9098"}],"wp:featuredmedia":[{"embeddable":true,"href":"https:\/\/www.geolegadodeallankardec.com.br\/es\/wp-json\/wp\/v2\/media\/9095"}],"wp:attachment":[{"href":"https:\/\/www.geolegadodeallankardec.com.br\/es\/wp-json\/wp\/v2\/media?parent=9094"}],"wp:term":[{"taxonomy":"category","embeddable":true,"href":"https:\/\/www.geolegadodeallankardec.com.br\/es\/wp-json\/wp\/v2\/categories?post=9094"},{"taxonomy":"post_tag","embeddable":true,"href":"https:\/\/www.geolegadodeallankardec.com.br\/es\/wp-json\/wp\/v2\/tags?post=9094"}],"curies":[{"name":"gracias","href":"https:\/\/api.w.org\/{rel}","templated":true}]}}