{"id":8345,"date":"2024-03-10T13:55:19","date_gmt":"2024-03-10T16:55:19","guid":{"rendered":"https:\/\/www.geolegadodeallankardec.com.br\/?p=8345"},"modified":"2024-04-16T12:54:14","modified_gmt":"2024-04-16T15:54:14","slug":"la-verdad-sobre-el-mal-y-el-castigo","status":"publish","type":"post","link":"https:\/\/www.geolegadodeallankardec.com.br\/es\/artigos\/estudo-aprofundado-do-espiritismo\/a-verdade-sobre-o-mal-e-o-castigo\/","title":{"rendered":"La verdad sobre el mal y el castigo"},"content":{"rendered":"<div class=\"pdfprnt-buttons pdfprnt-buttons-post pdfprnt-top-right\"><a href=\"https:\/\/www.geolegadodeallankardec.com.br\/es\/wp-json\/wp\/v2\/posts\/8345?print=pdf\" class=\"pdfprnt-button pdfprnt-button-pdf\" target=\"_blank\" ><img decoding=\"async\" data-src=\"https:\/\/www.geolegadodeallankardec.com.br\/wp-content\/plugins\/pdf-print\/images\/pdf.png\" alt=\"imagen_pdf\" title=\"Ver PDF\" src=\"data:image\/svg+xml;base64,PHN2ZyB3aWR0aD0iMSIgaGVpZ2h0PSIxIiB4bWxucz0iaHR0cDovL3d3dy53My5vcmcvMjAwMC9zdmciPjwvc3ZnPg==\" class=\"lazyload\" style=\"--smush-placeholder-width: 32px; --smush-placeholder-aspect-ratio: 32\/32;\" \/><\/a><a href=\"https:\/\/www.geolegadodeallankardec.com.br\/es\/wp-json\/wp\/v2\/posts\/8345?print=print\" class=\"pdfprnt-button pdfprnt-button-print\" target=\"_blank\" ><img decoding=\"async\" data-src=\"https:\/\/www.geolegadodeallankardec.com.br\/wp-content\/plugins\/pdf-print\/images\/print.png\" alt=\"imagen_impresi\u00f3n\" title=\"Imprimir contenido\" src=\"data:image\/svg+xml;base64,PHN2ZyB3aWR0aD0iMSIgaGVpZ2h0PSIxIiB4bWxucz0iaHR0cDovL3d3dy53My5vcmcvMjAwMC9zdmciPjwvc3ZnPg==\" class=\"lazyload\" style=\"--smush-placeholder-width: 32px; --smush-placeholder-aspect-ratio: 32\/32;\" \/><\/a><\/div>\n<p>\u00bfQu\u00e9 es el mal y el castigo en verdad?<\/p>\n\n\n\n<p>Continuaci\u00f3n del art\u00edculo. <a href=\"https:\/\/www.geolegadodeallankardec.com.br\/es\/articulos-2\/destacado-2\/la-obediencia-pasiva-y-la-fe-ciega-son-los-dos-principios-de-la-idea-falsa\/\">Obediencia pasiva y fe ciega: los dos principios de la idea falsa<\/a><\/p>\n\n\n\n<p><strong>El mal es no cometer errores para luego pedir perd\u00f3n y ser obediente al bien.<\/strong>. <\/p>\n\n\n\n<p class=\"has-gray-color has-black-background-color has-text-color has-background has-link-color wp-elements-10bbbf130ec6e65d619a22eca6d91cb2\">O <strong>malo<\/strong> es actuar seg\u00fan el inter\u00e9s personal por encima del colectivo. Para ello, el otro debe servirle, perdiendo la tranquilidad y la felicidad, que el ego\u00edsta no quiere para s\u00ed. Para someter al otro, \u00e9ste debe actuar no por deber que coopera, sino por sumisi\u00f3n que lo convierte en una especie de esclavo.<\/p>\n\n\n\n<p>\u00bfDios castiga? \u00a1No! \u00bfQu\u00e9 es el castigo?<\/p>\n\n\n\n<p class=\"has-white-color has-black-background-color has-text-color has-background has-link-color wp-elements-c3c59cab111fecc750be97fc693d4970\">O <strong>castigo<\/strong>, seg\u00fan la ley divina o natural, consiste en el sufrimiento constante de quienes conscientemente yerran, actuando movidos por intereses personales, utilizando la mentira y la violencia como medios para lograr sus objetivos.<\/p>\n\n\n\n<p>\u00bfNo es este concepto totalmente diferente de lo que hemos aprendido? \u00bfEs el castigo algo que sucede en el mundo? No, el castigo es el sufrimiento moral de la persona y, si no cambia, no encontrar\u00e1 la felicidad.<\/p>\n\n\n\n<p>Ninguna persona ego\u00edsta es feliz, porque sabe, \u00edntimamente, que no est\u00e1 haciendo el bien. Pero, \u00bfpor qu\u00e9 alguien ser\u00eda ego\u00edsta sabiendo que est\u00e1 equivocado, sufriendo por ello y aun as\u00ed continuando con el mismo comportamiento ego\u00edsta?<\/p>\n\n\n\n<p>A trav\u00e9s del Espiritismo descubrimos las ra\u00edces del ego\u00edsmo y de la soberbia. El Espiritismo no confronta personas ni ideas; confronta el ego\u00edsmo y el orgullo como conceptos que perjudican el progreso espiritual.<\/p>\n\n\n\n<blockquote class=\"wp-block-quote is-layout-flow wp-block-quote-is-layout-flow\">\n<p>El Esp\u00edritu culpable sufre primero en la vida espiritual debido al grado de sus imperfecciones, y luego se le concede la vida corporal como medio de reparaci\u00f3n. Por eso el Esp\u00edritu encuentra en ella, ya sea a las personas a las que ofendi\u00f3, o situaciones similares a aquellas en las que cometi\u00f3 el mal, o incluso situaciones opuestas a las que vivi\u00f3, por ejemplo, enfrentarse a la miseria si era una mala persona rica, o una condici\u00f3n humillante si estaba orgullosa. Este no es un doble castigo, sino el mismo que se contin\u00faa en la Tierra, como complemento, con miras a facilitar vuestro progreso hacia un trabajo eficaz. Depende del Esp\u00edritu mismo para hacerlo rentable. \u00bfNo es mejor para \u00e9l regresar a la Tierra, con la posibilidad de ganar el Cielo, que ser condenado sin remisi\u00f3n cuando la abandone? Esta libertad que se le concede es prueba de la sabidur\u00eda, la bondad y la justicia de Dios, que quiere que el hombre lo deba todo a su propio esfuerzo, siendo as\u00ed arquitecto de su futuro. Si no est\u00e1s contento, ya sea que lo est\u00e9s durante un per\u00edodo de tiempo m\u00e1s largo o m\u00e1s corto, qu\u00e9jate s\u00f3lo contigo mismo: el camino hacia el progreso siempre est\u00e1 abierto para ti.<\/p>\n<cite>All\u00e1n Kardec. Cielo e infierno: o la justicia divina seg\u00fan el Espiritismo, editorial Feal (p. 78). Versi\u00f3n Kindle.<\/cite><\/blockquote>\n\n\n\n<p>Sin embargo, es fundamental comprender plenamente lo que implica el ego\u00edsmo para poder combatirlo de forma eficaz. Reconocer los propios errores y sentirse culpable es el primer paso hacia el cambio. De lo contrario, el individuo seguir\u00e1 sufriendo.<\/p>\n\n\n\n<p>La falsa idea de que Dios es la causa de nuestro sufrimiento es err\u00f3nea. De hecho, somos jueces y prisioneros de nosotros mismos y de nuestros propios pensamientos. El Espiritismo nos ense\u00f1a esto. Sabiendo esto, \u00bfelegir\u00e1s permanecer atrapado o liberarte? \u00bfSer esclavo o libre? Es tu elecci\u00f3n.<\/p>\n\n\n\n<p>Nadie est\u00e1 obligado a actuar por el bien. La libertad es fundamental para actuar de buena manera. Dios no pone a nadie a vigilar a nadie. Cuando hagas el bien, lo har\u00e1s con todo tu esfuerzo. En el momento en que act\u00faas con integridad, otros esp\u00edritus se acercan para hacer lo mismo: <strong>se crea la red de bondad<\/strong>.<\/p>\n\n\n\n<p>Si act\u00faas con motivos ocultos, otros esp\u00edritus lo notan y te a\u00edslas por elecci\u00f3n propia. \u00a1Ese es el mecanismo!<\/p>\n\n\n\n<figure class=\"wp-block-image size-large\"><img fetchpriority=\"high\" decoding=\"async\" width=\"1024\" height=\"682\" src=\"https:\/\/www.geolegadodeallankardec.com.br\/wp-content\/uploads\/2024\/03\/man-1866514_1280-by-Pexels-1024x682.jpg\" alt=\"\" class=\"wp-image-8350\" srcset=\"https:\/\/www.geolegadodeallankardec.com.br\/wp-content\/uploads\/2024\/03\/man-1866514_1280-by-Pexels-1024x682.jpg 1024w, https:\/\/www.geolegadodeallankardec.com.br\/wp-content\/uploads\/2024\/03\/man-1866514_1280-by-Pexels-300x200.jpg 300w, https:\/\/www.geolegadodeallankardec.com.br\/wp-content\/uploads\/2024\/03\/man-1866514_1280-by-Pexels-768x511.jpg 768w, https:\/\/www.geolegadodeallankardec.com.br\/wp-content\/uploads\/2024\/03\/man-1866514_1280-by-Pexels-18x12.jpg 18w, https:\/\/www.geolegadodeallankardec.com.br\/wp-content\/uploads\/2024\/03\/man-1866514_1280-by-Pexels-370x246.jpg 370w, https:\/\/www.geolegadodeallankardec.com.br\/wp-content\/uploads\/2024\/03\/man-1866514_1280-by-Pexels.jpg 1200w\" sizes=\"(max-width: 1024px) 100vw, 1024px\" \/><\/figure>\n\n\n\n<p>\u00bfAlguien realmente nos observa en el mundo espiritual? \u00a1No! \u00bfExiste un lugar espec\u00edfico para ser castigado? \u00a1No! \u00a1Esto es falso! \u00bfEmmanuel menciona el umbral? S\u00ed, lo menciona, pero son esp\u00edritus enga\u00f1ados los que se re\u00fanen all\u00ed. Los buenos esp\u00edritus ven a los malos esp\u00edritus como enfermos a los que hay que curar y no como adversarios a los que hay que combatir. <strong>\u00a1La lucha entre el bien y el mal es una idea falsa!<\/strong><\/p>\n\n\n\n<p>Este art\u00edculo fue elaborado a partir de una conferencia impartida por Paulo Henrique de Figueiredo.&nbsp;<a href=\"https:\/\/www.geolegadodeallankardec.com.br\/es\/articulos-2\/destacado-2\/allan-kardec-y-la-revolucion-moral-de-la-humanidad\/\">Haga clic aqu\u00ed<\/a>&nbsp;a su encuentro.<\/p>\n\n\n\n<p>Contin\u00faa en <a href=\"https:\/\/www.geolegadodeallankardec.com.br\/es\/articulos-2\/estudio-profundo-del-espiritualismo-2\/dominacion-por-mentiras-y-violencia\/\">El dominio de la mentira y la violencia<\/a><\/p>\n\n\n\n<p><a href=\"https:\/\/www.geolegadodeallankardec.com.br\/es\/articulos-2\/estudio-profundo-del-espiritualismo-2\/dominacion-por-mentiras-y-violencia\/\"> <\/a><\/p>\n<div class=\"fb-background-color\">\n\t\t\t  <div \n\t\t\t  \tclass = \"fb-comments\" \n\t\t\t  \tdata-href = \"https:\/\/www.geolegadodeallankardec.com.br\/es\/artigos\/estudo-aprofundado-do-espiritismo\/a-verdade-sobre-o-mal-e-o-castigo\/\"\n\t\t\t  \tdata-numposts = \"10\"\n\t\t\t  \tdata-lazy = \"true\"\n\t\t\t\tdata-colorscheme = \"light\"\n\t\t\t\tdata-order-by = \"social\"\n\t\t\t\tdata-mobile=\"true\">\n\t\t\t  <\/div><\/div>\n\t\t  <style>\n\t\t    .fb-background-color {\n\t\t\t\tbackground: #ffffff !important;\n\t\t\t}\n\t\t\t.fb_iframe_widget_fluid_desktop iframe {\n\t\t\t    width: 100% !important;\n\t\t\t}\n\t\t  <\/style>","protected":false},"excerpt":{"rendered":"<p>El castigo es el sufrimiento constante que resulta de nuestro ego\u00edsmo. El mal es actuar por inter\u00e9s personal. Entonces nos aislamos sin progresar. Con comprensi\u00f3n podemos cambiar esta idea falsa y liberarnos de este pensamiento limitante.<\/p>","protected":false},"author":2,"featured_media":8349,"comment_status":"open","ping_status":"open","sticky":false,"template":"","format":"standard","meta":{"footnotes":""},"categories":[60,18,334],"tags":[24,23,355,308,340,404],"class_list":["post-8345","post","type-post","status-publish","format-standard","has-post-thumbnail","hentry","category-estudo-aprofundado-do-espiritismo","category-historia-do-espiritismo","category-revolucao-espirita","tag-adulteracoes","tag-allan-kardec","tag-castigo","tag-kardec","tag-mal","tag-paulo-henrique-de-figueiredo"],"yoast_head":"<!-- This site is optimized with the Yoast SEO Premium plugin v21.1 (Yoast SEO v27.4) - https:\/\/yoast.com\/product\/yoast-seo-premium-wordpress\/ -->\n<title>A Verdade sobre o Mal e o Castigo - Grupo de Estudos O Legado de Allan Kardec<\/title>\n<meta name=\"description\" content=\"O Espiritismo demonstra a inexist\u00eancia do castigo divino e, em seu lugar, coloca o papel da consci\u00eancia do indiv\u00edduo como r\u00e9u e juiz de si.\" \/>\n<meta name=\"robots\" content=\"index, follow, max-snippet:-1, max-image-preview:large, max-video-preview:-1\" \/>\n<link rel=\"canonical\" href=\"https:\/\/www.geolegadodeallankardec.com.br\/es\/articulos-2\/estudio-profundo-del-espiritualismo-2\/la-verdad-sobre-el-mal-y-el-castigo\/\" \/>\n<meta property=\"og:locale\" content=\"es_ES\" \/>\n<meta property=\"og:type\" content=\"article\" \/>\n<meta property=\"og:title\" content=\"A Verdade sobre o Mal e o Castigo\" \/>\n<meta property=\"og:description\" content=\"O Espiritismo demonstra a inexist\u00eancia do castigo divino e, em seu lugar, coloca o papel da consci\u00eancia do indiv\u00edduo como r\u00e9u e juiz de si.\" \/>\n<meta property=\"og:url\" content=\"https:\/\/www.geolegadodeallankardec.com.br\/es\/articulos-2\/estudio-profundo-del-espiritualismo-2\/la-verdad-sobre-el-mal-y-el-castigo\/\" \/>\n<meta property=\"og:site_name\" content=\"Grupo de Estudos O Legado de Allan Kardec\" \/>\n<meta property=\"article:published_time\" content=\"2024-03-10T16:55:19+00:00\" \/>\n<meta property=\"article:modified_time\" content=\"2024-04-16T15:54:14+00:00\" \/>\n<meta property=\"og:image\" content=\"https:\/\/www.geolegadodeallankardec.com.br\/wp-content\/uploads\/2024\/03\/prisoner-mohamed_hassen-1.png\" \/>\n\t<meta property=\"og:image:width\" content=\"1200\" \/>\n\t<meta property=\"og:image:height\" content=\"852\" \/>\n\t<meta property=\"og:image:type\" content=\"image\/png\" \/>\n<meta name=\"author\" content=\"Ariane Netto D.\" \/>\n<meta name=\"twitter:card\" content=\"summary_large_image\" \/>\n<meta name=\"twitter:label1\" content=\"Escrito por\" \/>\n\t<meta name=\"twitter:data1\" content=\"Ariane Netto D.\" \/>\n\t<meta name=\"twitter:label2\" content=\"Tiempo de lectura\" \/>\n\t<meta name=\"twitter:data2\" content=\"4 minutos\" \/>\n<script type=\"application\/ld+json\" class=\"yoast-schema-graph\">{\"@context\":\"https:\\\/\\\/schema.org\",\"@graph\":[{\"@type\":\"Article\",\"@id\":\"https:\\\/\\\/www.geolegadodeallankardec.com.br\\\/artigos\\\/estudo-aprofundado-do-espiritismo\\\/a-verdade-sobre-o-mal-e-o-castigo\\\/#article\",\"isPartOf\":{\"@id\":\"https:\\\/\\\/www.geolegadodeallankardec.com.br\\\/artigos\\\/estudo-aprofundado-do-espiritismo\\\/a-verdade-sobre-o-mal-e-o-castigo\\\/\"},\"author\":{\"name\":\"Ariane Netto D.\",\"@id\":\"https:\\\/\\\/www.geolegadodeallankardec.com.br\\\/es\\\/#\\\/schema\\\/person\\\/ccc2c03cb7df60fe98863ee0fc83dad9\"},\"headline\":\"A Verdade sobre o Mal e o Castigo\",\"datePublished\":\"2024-03-10T16:55:19+00:00\",\"dateModified\":\"2024-04-16T15:54:14+00:00\",\"mainEntityOfPage\":{\"@id\":\"https:\\\/\\\/www.geolegadodeallankardec.com.br\\\/artigos\\\/estudo-aprofundado-do-espiritismo\\\/a-verdade-sobre-o-mal-e-o-castigo\\\/\"},\"wordCount\":780,\"commentCount\":0,\"image\":{\"@id\":\"https:\\\/\\\/www.geolegadodeallankardec.com.br\\\/artigos\\\/estudo-aprofundado-do-espiritismo\\\/a-verdade-sobre-o-mal-e-o-castigo\\\/#primaryimage\"},\"thumbnailUrl\":\"https:\\\/\\\/www.geolegadodeallankardec.com.br\\\/wp-content\\\/uploads\\\/2024\\\/03\\\/prisoner-mohamed_hassen-1.png\",\"keywords\":[\"adultera\u00e7\u00f5es\",\"allan kardec\",\"castigo\",\"kardec\",\"mal\",\"paulo henrique de figueiredo\"],\"articleSection\":[\"Estudo aprofundado do Espiritismo\",\"Hist\u00f3ria do Espiritismo\",\"Revolu\u00e7\u00e3o Esp\u00edrita\"],\"inLanguage\":\"es\",\"potentialAction\":[{\"@type\":\"CommentAction\",\"name\":\"Comment\",\"target\":[\"https:\\\/\\\/www.geolegadodeallankardec.com.br\\\/artigos\\\/estudo-aprofundado-do-espiritismo\\\/a-verdade-sobre-o-mal-e-o-castigo\\\/#respond\"]}]},{\"@type\":\"WebPage\",\"@id\":\"https:\\\/\\\/www.geolegadodeallankardec.com.br\\\/artigos\\\/estudo-aprofundado-do-espiritismo\\\/a-verdade-sobre-o-mal-e-o-castigo\\\/\",\"url\":\"https:\\\/\\\/www.geolegadodeallankardec.com.br\\\/artigos\\\/estudo-aprofundado-do-espiritismo\\\/a-verdade-sobre-o-mal-e-o-castigo\\\/\",\"name\":\"A Verdade sobre o Mal e o Castigo - Grupo de Estudos O Legado de Allan Kardec\",\"isPartOf\":{\"@id\":\"https:\\\/\\\/www.geolegadodeallankardec.com.br\\\/es\\\/#website\"},\"primaryImageOfPage\":{\"@id\":\"https:\\\/\\\/www.geolegadodeallankardec.com.br\\\/artigos\\\/estudo-aprofundado-do-espiritismo\\\/a-verdade-sobre-o-mal-e-o-castigo\\\/#primaryimage\"},\"image\":{\"@id\":\"https:\\\/\\\/www.geolegadodeallankardec.com.br\\\/artigos\\\/estudo-aprofundado-do-espiritismo\\\/a-verdade-sobre-o-mal-e-o-castigo\\\/#primaryimage\"},\"thumbnailUrl\":\"https:\\\/\\\/www.geolegadodeallankardec.com.br\\\/wp-content\\\/uploads\\\/2024\\\/03\\\/prisoner-mohamed_hassen-1.png\",\"datePublished\":\"2024-03-10T16:55:19+00:00\",\"dateModified\":\"2024-04-16T15:54:14+00:00\",\"author\":{\"@id\":\"https:\\\/\\\/www.geolegadodeallankardec.com.br\\\/es\\\/#\\\/schema\\\/person\\\/ccc2c03cb7df60fe98863ee0fc83dad9\"},\"description\":\"O Espiritismo demonstra a inexist\u00eancia do castigo divino e, em seu lugar, coloca o papel da consci\u00eancia do indiv\u00edduo como r\u00e9u e juiz de si.\",\"breadcrumb\":{\"@id\":\"https:\\\/\\\/www.geolegadodeallankardec.com.br\\\/artigos\\\/estudo-aprofundado-do-espiritismo\\\/a-verdade-sobre-o-mal-e-o-castigo\\\/#breadcrumb\"},\"inLanguage\":\"es\",\"potentialAction\":[{\"@type\":\"ReadAction\",\"target\":[\"https:\\\/\\\/www.geolegadodeallankardec.com.br\\\/artigos\\\/estudo-aprofundado-do-espiritismo\\\/a-verdade-sobre-o-mal-e-o-castigo\\\/\"]}]},{\"@type\":\"ImageObject\",\"inLanguage\":\"es\",\"@id\":\"https:\\\/\\\/www.geolegadodeallankardec.com.br\\\/artigos\\\/estudo-aprofundado-do-espiritismo\\\/a-verdade-sobre-o-mal-e-o-castigo\\\/#primaryimage\",\"url\":\"https:\\\/\\\/www.geolegadodeallankardec.com.br\\\/wp-content\\\/uploads\\\/2024\\\/03\\\/prisoner-mohamed_hassen-1.png\",\"contentUrl\":\"https:\\\/\\\/www.geolegadodeallankardec.com.br\\\/wp-content\\\/uploads\\\/2024\\\/03\\\/prisoner-mohamed_hassen-1.png\",\"width\":1200,\"height\":852,\"caption\":\"demonstra\u00e7\u00e3o de castigo\"},{\"@type\":\"BreadcrumbList\",\"@id\":\"https:\\\/\\\/www.geolegadodeallankardec.com.br\\\/artigos\\\/estudo-aprofundado-do-espiritismo\\\/a-verdade-sobre-o-mal-e-o-castigo\\\/#breadcrumb\",\"itemListElement\":[{\"@type\":\"ListItem\",\"position\":1,\"name\":\"In\u00edcio\",\"item\":\"https:\\\/\\\/www.geolegadodeallankardec.com.br\\\/\"},{\"@type\":\"ListItem\",\"position\":2,\"name\":\"A Verdade sobre o Mal e o Castigo\"}]},{\"@type\":\"WebSite\",\"@id\":\"https:\\\/\\\/www.geolegadodeallankardec.com.br\\\/es\\\/#website\",\"url\":\"https:\\\/\\\/www.geolegadodeallankardec.com.br\\\/es\\\/\",\"name\":\"Grupo de Estudos O Legado de Allan Kardec\",\"description\":\"Grupo de Estudos voltado ao aprofundamento do estudo do Espiritismo\",\"potentialAction\":[{\"@type\":\"SearchAction\",\"target\":{\"@type\":\"EntryPoint\",\"urlTemplate\":\"https:\\\/\\\/www.geolegadodeallankardec.com.br\\\/es\\\/?s={search_term_string}\"},\"query-input\":{\"@type\":\"PropertyValueSpecification\",\"valueRequired\":true,\"valueName\":\"search_term_string\"}}],\"inLanguage\":\"es\"},{\"@type\":\"Person\",\"@id\":\"https:\\\/\\\/www.geolegadodeallankardec.com.br\\\/es\\\/#\\\/schema\\\/person\\\/ccc2c03cb7df60fe98863ee0fc83dad9\",\"name\":\"Ariane Netto D.\",\"image\":{\"@type\":\"ImageObject\",\"inLanguage\":\"es\",\"@id\":\"https:\\\/\\\/secure.gravatar.com\\\/avatar\\\/14fc1f722e80f6b1be558f1ae94d5e179676e32e68eff127e1090ede6fcec267?s=96&d=mm&r=g\",\"url\":\"https:\\\/\\\/secure.gravatar.com\\\/avatar\\\/14fc1f722e80f6b1be558f1ae94d5e179676e32e68eff127e1090ede6fcec267?s=96&d=mm&r=g\",\"contentUrl\":\"https:\\\/\\\/secure.gravatar.com\\\/avatar\\\/14fc1f722e80f6b1be558f1ae94d5e179676e32e68eff127e1090ede6fcec267?s=96&d=mm&r=g\",\"caption\":\"Ariane Netto D.\"},\"url\":\"https:\\\/\\\/www.geolegadodeallankardec.com.br\\\/es\\\/artigos\\\/author\\\/ariane\\\/\"}]}<\/script>\n<!-- \/ Yoast SEO Premium plugin. -->","yoast_head_json":{"title":"La verdad sobre el mal y el castigo - Grupo de Estudio El legado de Allan Kardec","description":"El Espiritismo demuestra la inexistencia del castigo divino y, en su lugar, coloca la conciencia del individuo como defensora y juez de s\u00ed mismo.","robots":{"index":"index","follow":"follow","max-snippet":"max-snippet:-1","max-image-preview":"max-image-preview:large","max-video-preview":"max-video-preview:-1"},"canonical":"https:\/\/www.geolegadodeallankardec.com.br\/es\/articulos-2\/estudio-profundo-del-espiritualismo-2\/la-verdad-sobre-el-mal-y-el-castigo\/","og_locale":"es_ES","og_type":"article","og_title":"A Verdade sobre o Mal e o Castigo","og_description":"O Espiritismo demonstra a inexist\u00eancia do castigo divino e, em seu lugar, coloca o papel da consci\u00eancia do indiv\u00edduo como r\u00e9u e juiz de si.","og_url":"https:\/\/www.geolegadodeallankardec.com.br\/es\/articulos-2\/estudio-profundo-del-espiritualismo-2\/la-verdad-sobre-el-mal-y-el-castigo\/","og_site_name":"Grupo de Estudos O Legado de Allan Kardec","article_published_time":"2024-03-10T16:55:19+00:00","article_modified_time":"2024-04-16T15:54:14+00:00","og_image":[{"width":1200,"height":852,"url":"https:\/\/www.geolegadodeallankardec.com.br\/wp-content\/uploads\/2024\/03\/prisoner-mohamed_hassen-1.png","type":"image\/png"}],"author":"Ariane Netto D.","twitter_card":"summary_large_image","twitter_misc":{"Escrito por":"Ariane Netto D.","Tiempo de lectura":"4 minutos"},"schema":{"@context":"https:\/\/schema.org","@graph":[{"@type":"Article","@id":"https:\/\/www.geolegadodeallankardec.com.br\/artigos\/estudo-aprofundado-do-espiritismo\/a-verdade-sobre-o-mal-e-o-castigo\/#article","isPartOf":{"@id":"https:\/\/www.geolegadodeallankardec.com.br\/artigos\/estudo-aprofundado-do-espiritismo\/a-verdade-sobre-o-mal-e-o-castigo\/"},"author":{"name":"Ariane Netto D.","@id":"https:\/\/www.geolegadodeallankardec.com.br\/es\/#\/schema\/person\/ccc2c03cb7df60fe98863ee0fc83dad9"},"headline":"A Verdade sobre o Mal e o Castigo","datePublished":"2024-03-10T16:55:19+00:00","dateModified":"2024-04-16T15:54:14+00:00","mainEntityOfPage":{"@id":"https:\/\/www.geolegadodeallankardec.com.br\/artigos\/estudo-aprofundado-do-espiritismo\/a-verdade-sobre-o-mal-e-o-castigo\/"},"wordCount":780,"commentCount":0,"image":{"@id":"https:\/\/www.geolegadodeallankardec.com.br\/artigos\/estudo-aprofundado-do-espiritismo\/a-verdade-sobre-o-mal-e-o-castigo\/#primaryimage"},"thumbnailUrl":"https:\/\/www.geolegadodeallankardec.com.br\/wp-content\/uploads\/2024\/03\/prisoner-mohamed_hassen-1.png","keywords":["adultera\u00e7\u00f5es","allan kardec","castigo","kardec","mal","paulo henrique de figueiredo"],"articleSection":["Estudo aprofundado do Espiritismo","Hist\u00f3ria do Espiritismo","Revolu\u00e7\u00e3o Esp\u00edrita"],"inLanguage":"es","potentialAction":[{"@type":"CommentAction","name":"Comment","target":["https:\/\/www.geolegadodeallankardec.com.br\/artigos\/estudo-aprofundado-do-espiritismo\/a-verdade-sobre-o-mal-e-o-castigo\/#respond"]}]},{"@type":"WebPage","@id":"https:\/\/www.geolegadodeallankardec.com.br\/artigos\/estudo-aprofundado-do-espiritismo\/a-verdade-sobre-o-mal-e-o-castigo\/","url":"https:\/\/www.geolegadodeallankardec.com.br\/artigos\/estudo-aprofundado-do-espiritismo\/a-verdade-sobre-o-mal-e-o-castigo\/","name":"La verdad sobre el mal y el castigo - Grupo de Estudio El legado de Allan Kardec","isPartOf":{"@id":"https:\/\/www.geolegadodeallankardec.com.br\/es\/#website"},"primaryImageOfPage":{"@id":"https:\/\/www.geolegadodeallankardec.com.br\/artigos\/estudo-aprofundado-do-espiritismo\/a-verdade-sobre-o-mal-e-o-castigo\/#primaryimage"},"image":{"@id":"https:\/\/www.geolegadodeallankardec.com.br\/artigos\/estudo-aprofundado-do-espiritismo\/a-verdade-sobre-o-mal-e-o-castigo\/#primaryimage"},"thumbnailUrl":"https:\/\/www.geolegadodeallankardec.com.br\/wp-content\/uploads\/2024\/03\/prisoner-mohamed_hassen-1.png","datePublished":"2024-03-10T16:55:19+00:00","dateModified":"2024-04-16T15:54:14+00:00","author":{"@id":"https:\/\/www.geolegadodeallankardec.com.br\/es\/#\/schema\/person\/ccc2c03cb7df60fe98863ee0fc83dad9"},"description":"El Espiritismo demuestra la inexistencia del castigo divino y, en su lugar, coloca la conciencia del individuo como defensora y juez de s\u00ed mismo.","breadcrumb":{"@id":"https:\/\/www.geolegadodeallankardec.com.br\/artigos\/estudo-aprofundado-do-espiritismo\/a-verdade-sobre-o-mal-e-o-castigo\/#breadcrumb"},"inLanguage":"es","potentialAction":[{"@type":"ReadAction","target":["https:\/\/www.geolegadodeallankardec.com.br\/artigos\/estudo-aprofundado-do-espiritismo\/a-verdade-sobre-o-mal-e-o-castigo\/"]}]},{"@type":"ImageObject","inLanguage":"es","@id":"https:\/\/www.geolegadodeallankardec.com.br\/artigos\/estudo-aprofundado-do-espiritismo\/a-verdade-sobre-o-mal-e-o-castigo\/#primaryimage","url":"https:\/\/www.geolegadodeallankardec.com.br\/wp-content\/uploads\/2024\/03\/prisoner-mohamed_hassen-1.png","contentUrl":"https:\/\/www.geolegadodeallankardec.com.br\/wp-content\/uploads\/2024\/03\/prisoner-mohamed_hassen-1.png","width":1200,"height":852,"caption":"demonstra\u00e7\u00e3o de castigo"},{"@type":"BreadcrumbList","@id":"https:\/\/www.geolegadodeallankardec.com.br\/artigos\/estudo-aprofundado-do-espiritismo\/a-verdade-sobre-o-mal-e-o-castigo\/#breadcrumb","itemListElement":[{"@type":"ListItem","position":1,"name":"In\u00edcio","item":"https:\/\/www.geolegadodeallankardec.com.br\/"},{"@type":"ListItem","position":2,"name":"A Verdade sobre o Mal e o Castigo"}]},{"@type":"WebSite","@id":"https:\/\/www.geolegadodeallankardec.com.br\/es\/#website","url":"https:\/\/www.geolegadodeallankardec.com.br\/es\/","name":"Grupo de Estudio El Legado de Allan Kardec","description":"Grupo de Estudio destinado a profundizar el estudio del Espiritismo","potentialAction":[{"@type":"SearchAction","target":{"@type":"EntryPoint","urlTemplate":"https:\/\/www.geolegadodeallankardec.com.br\/es\/?s={search_term_string}"},"query-input":{"@type":"PropertyValueSpecification","valueRequired":true,"valueName":"search_term_string"}}],"inLanguage":"es"},{"@type":"Person","@id":"https:\/\/www.geolegadodeallankardec.com.br\/es\/#\/schema\/person\/ccc2c03cb7df60fe98863ee0fc83dad9","name":"Ariane Netto D.","image":{"@type":"ImageObject","inLanguage":"es","@id":"https:\/\/secure.gravatar.com\/avatar\/14fc1f722e80f6b1be558f1ae94d5e179676e32e68eff127e1090ede6fcec267?s=96&d=mm&r=g","url":"https:\/\/secure.gravatar.com\/avatar\/14fc1f722e80f6b1be558f1ae94d5e179676e32e68eff127e1090ede6fcec267?s=96&d=mm&r=g","contentUrl":"https:\/\/secure.gravatar.com\/avatar\/14fc1f722e80f6b1be558f1ae94d5e179676e32e68eff127e1090ede6fcec267?s=96&d=mm&r=g","caption":"Ariane Netto D."},"url":"https:\/\/www.geolegadodeallankardec.com.br\/es\/artigos\/author\/ariane\/"}]}},"_links":{"self":[{"href":"https:\/\/www.geolegadodeallankardec.com.br\/es\/wp-json\/wp\/v2\/posts\/8345","targetHints":{"allow":["GET"]}}],"collection":[{"href":"https:\/\/www.geolegadodeallankardec.com.br\/es\/wp-json\/wp\/v2\/posts"}],"about":[{"href":"https:\/\/www.geolegadodeallankardec.com.br\/es\/wp-json\/wp\/v2\/types\/post"}],"author":[{"embeddable":true,"href":"https:\/\/www.geolegadodeallankardec.com.br\/es\/wp-json\/wp\/v2\/users\/2"}],"replies":[{"embeddable":true,"href":"https:\/\/www.geolegadodeallankardec.com.br\/es\/wp-json\/wp\/v2\/comments?post=8345"}],"version-history":[{"count":7,"href":"https:\/\/www.geolegadodeallankardec.com.br\/es\/wp-json\/wp\/v2\/posts\/8345\/revisions"}],"predecessor-version":[{"id":8469,"href":"https:\/\/www.geolegadodeallankardec.com.br\/es\/wp-json\/wp\/v2\/posts\/8345\/revisions\/8469"}],"wp:featuredmedia":[{"embeddable":true,"href":"https:\/\/www.geolegadodeallankardec.com.br\/es\/wp-json\/wp\/v2\/media\/8349"}],"wp:attachment":[{"href":"https:\/\/www.geolegadodeallankardec.com.br\/es\/wp-json\/wp\/v2\/media?parent=8345"}],"wp:term":[{"taxonomy":"category","embeddable":true,"href":"https:\/\/www.geolegadodeallankardec.com.br\/es\/wp-json\/wp\/v2\/categories?post=8345"},{"taxonomy":"post_tag","embeddable":true,"href":"https:\/\/www.geolegadodeallankardec.com.br\/es\/wp-json\/wp\/v2\/tags?post=8345"}],"curies":[{"name":"gracias","href":"https:\/\/api.w.org\/{rel}","templated":true}]}}