{"id":7595,"date":"2023-10-03T16:07:59","date_gmt":"2023-10-03T19:07:59","guid":{"rendered":"https:\/\/www.geolegadodeallankardec.com.br\/?p=7595"},"modified":"2023-10-03T18:07:23","modified_gmt":"2023-10-03T21:07:23","slug":"spiritual-magazine-a-light-appears-in-the-dark","status":"publish","type":"post","link":"https:\/\/www.geolegadodeallankardec.com.br\/en\/artigos\/assuntos-diversos\/revista-espirita-surge-uma-luz-em-meio-a-escuridao\/","title":{"rendered":"Spiritist Magazine \u2013 a light appears in the midst of darkness"},"content":{"rendered":"<div class=\"pdfprnt-buttons pdfprnt-buttons-post pdfprnt-top-right\"><a href=\"https:\/\/www.geolegadodeallankardec.com.br\/en\/wp-json\/wp\/v2\/posts\/7595?print=pdf\" class=\"pdfprnt-button pdfprnt-button-pdf\" target=\"_blank\" ><img decoding=\"async\" data-src=\"https:\/\/www.geolegadodeallankardec.com.br\/wp-content\/plugins\/pdf-print\/images\/pdf.png\" alt=\"image_pdf\" title=\"View PDF\" src=\"data:image\/svg+xml;base64,PHN2ZyB3aWR0aD0iMSIgaGVpZ2h0PSIxIiB4bWxucz0iaHR0cDovL3d3dy53My5vcmcvMjAwMC9zdmciPjwvc3ZnPg==\" class=\"lazyload\" style=\"--smush-placeholder-width: 32px; --smush-placeholder-aspect-ratio: 32\/32;\" \/><\/a><a href=\"https:\/\/www.geolegadodeallankardec.com.br\/en\/wp-json\/wp\/v2\/posts\/7595?print=print\" class=\"pdfprnt-button pdfprnt-button-print\" target=\"_blank\" ><img decoding=\"async\" data-src=\"https:\/\/www.geolegadodeallankardec.com.br\/wp-content\/plugins\/pdf-print\/images\/print.png\" alt=\"image_print\" title=\"Print Content\" src=\"data:image\/svg+xml;base64,PHN2ZyB3aWR0aD0iMSIgaGVpZ2h0PSIxIiB4bWxucz0iaHR0cDovL3d3dy53My5vcmcvMjAwMC9zdmciPjwvc3ZnPg==\" class=\"lazyload\" style=\"--smush-placeholder-width: 32px; --smush-placeholder-aspect-ratio: 32\/32;\" \/><\/a><\/div>\n<p>Maybe some of you already know what I&#039;m going to talk about. I didn&#039;t know, and I can only express extreme joy in doing so. I just found a group publishing in the style of Allan Kardec&#039;s Spiritist Magazine \u2013 carrying out evocations, receiving reports, analyzing them, etc.<\/p>\n\n\n\n<figure class=\"wp-block-image size-large is-resized\"><img fetchpriority=\"high\" decoding=\"async\" src=\"https:\/\/www.geolegadodeallankardec.com.br\/wp-content\/uploads\/2023\/10\/espiritismo-luz-na-escuridao-1024x576.jpeg\" alt=\"A light in the midst of darkness: Revista Esp\u00edrita.\" class=\"wp-image-7597\" style=\"width:859px;height:483px\" width=\"859\" height=\"483\" srcset=\"https:\/\/www.geolegadodeallankardec.com.br\/wp-content\/uploads\/2023\/10\/espiritismo-luz-na-escuridao-1024x576.jpeg 1024w, https:\/\/www.geolegadodeallankardec.com.br\/wp-content\/uploads\/2023\/10\/espiritismo-luz-na-escuridao-300x169.jpeg 300w, https:\/\/www.geolegadodeallankardec.com.br\/wp-content\/uploads\/2023\/10\/espiritismo-luz-na-escuridao-768x432.jpeg 768w, https:\/\/www.geolegadodeallankardec.com.br\/wp-content\/uploads\/2023\/10\/espiritismo-luz-na-escuridao-18x10.jpeg 18w, https:\/\/www.geolegadodeallankardec.com.br\/wp-content\/uploads\/2023\/10\/espiritismo-luz-na-escuridao-370x208.jpeg 370w, https:\/\/www.geolegadodeallankardec.com.br\/wp-content\/uploads\/2023\/10\/espiritismo-luz-na-escuridao.jpeg 1200w\" sizes=\"(max-width: 859px) 100vw, 859px\" \/><\/figure>\n\n\n\n<p>This is the website \u201cRevista Esp\u00edrita\u201d \u2013 simply that. Named in light of the Revista Esp\u00edrita \u2013 Jornal de Estudos Psicol\u00f3gicas \u2013 publication that served as the basis for the development of the Spiritist Doctrine, there they present <strong>evocations<\/strong>, <strong>spontaneous communications<\/strong> and personal reports, all, as far as I could see, within the best rationality and with all the characteristics of the communication of Spirits duly aligned with the scientific principles of Spiritism.<\/p>\n\n\n\n<p>The Revista Esp\u00edrita Digital is subtitled: <strong>PERIODIC FOR THE DISCLOSURE OF PRACTICAL SPIRITISM<\/strong>. It couldn&#039;t be more right.<\/p>\n\n\n\n<p>If you don&#039;t fully understand, I emphasize: <strong>are current evocations of Spirits<\/strong>. Yes. Like Kardec did.<\/p>\n\n\n\n<blockquote class=\"wp-block-quote is-layout-flow wp-block-quote-is-layout-flow\">\n<p>Our objective is not the same as that of our dear Master in that century, nor do we even want to insinuate that we could, even if we are several spiritists working together, reach the feet of Allan Kardec, as we recognize our smallness. Kardec worked on creating a Science, and his&nbsp;<em>Revue Spirite&nbsp;<\/em>served for this purpose.&nbsp;<\/p>\n\n\n\n<p>What we want is to make available to everyone, in a single place, the studies carried out with the Spirits, and which we consider to be useful; our intention is to make a simple contribution from our spiritist group, formed in February 2007. In doing so, we wish to show our gratitude to Allan Kardec for the efforts he made in order to bequeath to us the spiritist science, which, as we know, is a practical science.<\/p>\n<cite>Team of&nbsp;<em>Digital Spiritist Magazine,<\/em> Curitiba, Parana.<\/cite><\/blockquote>\n\n\n\n<p>As we can see, they have modest objectives, which is in full agreement with anyone who has really understood Spiritism. But what matters most, and what I want to highlight, is that this initiative is one that needs to be replicated, based on the knowledge obtained from Kardec&#039;s works.<\/p>\n\n\n\n<p>Since the beginning of our group, with the creation of this website, I had a greater purpose in mind: <strong>infect<\/strong>. My biggest goal, after reading The Legacy of Allan Kardec, by Simoni Privato, and saying to myself \u201cI need to do something\u201d, was to spread as much as possible the understanding that it is <strong>required<\/strong> resume the evocations... And, today, I count two groups that I know carrying out this work.<\/p>\n\n\n\n<p>I invite you to read the articles presented on their website and carry out your analyses, using the same principles outlined by Kardec. Check whether, in the communications presented, there are any types of thoughts that betray their alleged authors \u2013 among them <strong>Allan Kardec<\/strong> \u2013 and are invited to interact with us through the comments on our website and Facebook. I intend to start doing studies on articles published there.<\/p>\n\n\n\n<p>I can only finish by saying: thank God.<\/p>\n\n\n\n<p class=\"destaque\">Follow the link to access the aforementioned website: <a href=\"https:\/\/www.revistaespirita.net\">https:\/\/www.revistaespirita.net<\/a><\/p>\n<div class=\"fb-background-color\">\n\t\t\t  <div \n\t\t\t  \tclass = \"fb-comments\" \n\t\t\t  \tdata-href = \"https:\/\/www.geolegadodeallankardec.com.br\/en\/artigos\/assuntos-diversos\/revista-espirita-surge-uma-luz-em-meio-a-escuridao\/\"\n\t\t\t  \tdata-numposts = \"10\"\n\t\t\t  \tdata-lazy = \"true\"\n\t\t\t\tdata-colorscheme = \"light\"\n\t\t\t\tdata-order-by = \"social\"\n\t\t\t\tdata-mobile=\"true\">\n\t\t\t  <\/div><\/div>\n\t\t  <style>\n\t\t    .fb-background-color {\n\t\t\t\tbackground: #ffffff !important;\n\t\t\t}\n\t\t\t.fb_iframe_widget_fluid_desktop iframe {\n\t\t\t    width: 100% !important;\n\t\t\t}\n\t\t  <\/style>","protected":false},"excerpt":{"rendered":"<p>Talvez alguns de voc\u00eas j\u00e1 saibam do que vou falar. Eu n\u00e3o sabia, e n\u00e3o posso sen\u00e3o apresentar extrema alegria em faz\u00ea-lo. Acabo de encontrar um grupo realizando publica\u00e7\u00f5es ao estilo da Revista Esp\u00edrita de Allan Kardec &#8211; realizando evoca\u00e7\u00f5es, recebendo relatos, analisando-os, etc. Trata-se do site &#8220;Revista Esp\u00edrita&#8221; &#8211; simplesmente isso. Nomeado \u00e0 luz [&hellip;]<\/p>\n","protected":false},"author":12,"featured_media":7597,"comment_status":"open","ping_status":"open","sticky":false,"template":"","format":"standard","meta":{"footnotes":""},"categories":[51],"tags":[10],"class_list":["post-7595","post","type-post","status-publish","format-standard","has-post-thumbnail","hentry","category-assuntos-diversos","tag-revista-espirita"],"yoast_head":"<!-- This site is optimized with the Yoast SEO Premium plugin v21.1 (Yoast SEO v27.4) - https:\/\/yoast.com\/product\/yoast-seo-premium-wordpress\/ -->\n<title>Revista Esp\u00edrita - surge uma luz em meio \u00e0 escurid\u00e3o - Grupo de Estudos O Legado de Allan Kardec<\/title>\n<meta name=\"description\" content=\"Um grupo, seguindo os princ\u00edpios do Espiritismo e da Revista Esp\u00edrita, est\u00e1 realizando evoca\u00e7\u00f5es e as apresenta em seu site. Conhe\u00e7a!\" \/>\n<meta name=\"robots\" content=\"index, follow, max-snippet:-1, max-image-preview:large, max-video-preview:-1\" \/>\n<link rel=\"canonical\" href=\"https:\/\/www.geolegadodeallankardec.com.br\/en\/articles-2\/miscellaneous-2\/spiritual-magazine-a-light-appears-in-the-dark\/\" \/>\n<meta property=\"og:locale\" content=\"en_US\" \/>\n<meta property=\"og:type\" content=\"article\" \/>\n<meta property=\"og:title\" content=\"Revista Esp\u00edrita - surge uma luz em meio \u00e0 escurid\u00e3o\" \/>\n<meta property=\"og:description\" content=\"Um grupo, seguindo os princ\u00edpios do Espiritismo e da Revista Esp\u00edrita, est\u00e1 realizando evoca\u00e7\u00f5es e as apresenta em seu site. Conhe\u00e7a!\" \/>\n<meta property=\"og:url\" content=\"https:\/\/www.geolegadodeallankardec.com.br\/en\/articles-2\/miscellaneous-2\/spiritual-magazine-a-light-appears-in-the-dark\/\" \/>\n<meta property=\"og:site_name\" content=\"Grupo de Estudos O Legado de Allan Kardec\" \/>\n<meta property=\"article:published_time\" content=\"2023-10-03T19:07:59+00:00\" \/>\n<meta property=\"article:modified_time\" content=\"2023-10-03T21:07:23+00:00\" \/>\n<meta property=\"og:image\" content=\"https:\/\/www.geolegadodeallankardec.com.br\/wp-content\/uploads\/2023\/10\/espiritismo-luz-na-escuridao.jpeg\" \/>\n\t<meta property=\"og:image:width\" content=\"1200\" \/>\n\t<meta property=\"og:image:height\" content=\"675\" \/>\n\t<meta property=\"og:image:type\" content=\"image\/jpeg\" \/>\n<meta name=\"author\" content=\"Paulo Degering R Jr\" \/>\n<meta name=\"twitter:card\" content=\"summary_large_image\" \/>\n<meta name=\"twitter:label1\" content=\"Written by\" \/>\n\t<meta name=\"twitter:data1\" content=\"Paulo Degering R Jr\" \/>\n\t<meta name=\"twitter:label2\" content=\"Est. reading time\" \/>\n\t<meta name=\"twitter:data2\" content=\"3 minutes\" \/>\n<script type=\"application\/ld+json\" class=\"yoast-schema-graph\">{\"@context\":\"https:\\\/\\\/schema.org\",\"@graph\":[{\"@type\":\"Article\",\"@id\":\"https:\\\/\\\/www.geolegadodeallankardec.com.br\\\/artigos\\\/assuntos-diversos\\\/revista-espirita-surge-uma-luz-em-meio-a-escuridao\\\/#article\",\"isPartOf\":{\"@id\":\"https:\\\/\\\/www.geolegadodeallankardec.com.br\\\/artigos\\\/assuntos-diversos\\\/revista-espirita-surge-uma-luz-em-meio-a-escuridao\\\/\"},\"author\":{\"name\":\"Paulo Degering R Jr\",\"@id\":\"https:\\\/\\\/www.geolegadodeallankardec.com.br\\\/es\\\/#\\\/schema\\\/person\\\/1aaace837bed864843c5c64bb068ada8\"},\"headline\":\"Revista Esp\u00edrita &#8211; surge uma luz em meio \u00e0 escurid\u00e3o\",\"datePublished\":\"2023-10-03T19:07:59+00:00\",\"dateModified\":\"2023-10-03T21:07:23+00:00\",\"mainEntityOfPage\":{\"@id\":\"https:\\\/\\\/www.geolegadodeallankardec.com.br\\\/artigos\\\/assuntos-diversos\\\/revista-espirita-surge-uma-luz-em-meio-a-escuridao\\\/\"},\"wordCount\":553,\"commentCount\":0,\"image\":{\"@id\":\"https:\\\/\\\/www.geolegadodeallankardec.com.br\\\/artigos\\\/assuntos-diversos\\\/revista-espirita-surge-uma-luz-em-meio-a-escuridao\\\/#primaryimage\"},\"thumbnailUrl\":\"https:\\\/\\\/www.geolegadodeallankardec.com.br\\\/wp-content\\\/uploads\\\/2023\\\/10\\\/espiritismo-luz-na-escuridao.jpeg\",\"keywords\":[\"revista esp\u00edrita\"],\"articleSection\":[\"Assuntos Diversos\"],\"inLanguage\":\"en-US\",\"potentialAction\":[{\"@type\":\"CommentAction\",\"name\":\"Comment\",\"target\":[\"https:\\\/\\\/www.geolegadodeallankardec.com.br\\\/artigos\\\/assuntos-diversos\\\/revista-espirita-surge-uma-luz-em-meio-a-escuridao\\\/#respond\"]}]},{\"@type\":\"WebPage\",\"@id\":\"https:\\\/\\\/www.geolegadodeallankardec.com.br\\\/artigos\\\/assuntos-diversos\\\/revista-espirita-surge-uma-luz-em-meio-a-escuridao\\\/\",\"url\":\"https:\\\/\\\/www.geolegadodeallankardec.com.br\\\/artigos\\\/assuntos-diversos\\\/revista-espirita-surge-uma-luz-em-meio-a-escuridao\\\/\",\"name\":\"Revista Esp\u00edrita - surge uma luz em meio \u00e0 escurid\u00e3o - Grupo de Estudos O Legado de Allan Kardec\",\"isPartOf\":{\"@id\":\"https:\\\/\\\/www.geolegadodeallankardec.com.br\\\/es\\\/#website\"},\"primaryImageOfPage\":{\"@id\":\"https:\\\/\\\/www.geolegadodeallankardec.com.br\\\/artigos\\\/assuntos-diversos\\\/revista-espirita-surge-uma-luz-em-meio-a-escuridao\\\/#primaryimage\"},\"image\":{\"@id\":\"https:\\\/\\\/www.geolegadodeallankardec.com.br\\\/artigos\\\/assuntos-diversos\\\/revista-espirita-surge-uma-luz-em-meio-a-escuridao\\\/#primaryimage\"},\"thumbnailUrl\":\"https:\\\/\\\/www.geolegadodeallankardec.com.br\\\/wp-content\\\/uploads\\\/2023\\\/10\\\/espiritismo-luz-na-escuridao.jpeg\",\"datePublished\":\"2023-10-03T19:07:59+00:00\",\"dateModified\":\"2023-10-03T21:07:23+00:00\",\"author\":{\"@id\":\"https:\\\/\\\/www.geolegadodeallankardec.com.br\\\/es\\\/#\\\/schema\\\/person\\\/1aaace837bed864843c5c64bb068ada8\"},\"description\":\"Um grupo, seguindo os princ\u00edpios do Espiritismo e da Revista Esp\u00edrita, est\u00e1 realizando evoca\u00e7\u00f5es e as apresenta em seu site. Conhe\u00e7a!\",\"breadcrumb\":{\"@id\":\"https:\\\/\\\/www.geolegadodeallankardec.com.br\\\/artigos\\\/assuntos-diversos\\\/revista-espirita-surge-uma-luz-em-meio-a-escuridao\\\/#breadcrumb\"},\"inLanguage\":\"en-US\",\"potentialAction\":[{\"@type\":\"ReadAction\",\"target\":[\"https:\\\/\\\/www.geolegadodeallankardec.com.br\\\/artigos\\\/assuntos-diversos\\\/revista-espirita-surge-uma-luz-em-meio-a-escuridao\\\/\"]}]},{\"@type\":\"ImageObject\",\"inLanguage\":\"en-US\",\"@id\":\"https:\\\/\\\/www.geolegadodeallankardec.com.br\\\/artigos\\\/assuntos-diversos\\\/revista-espirita-surge-uma-luz-em-meio-a-escuridao\\\/#primaryimage\",\"url\":\"https:\\\/\\\/www.geolegadodeallankardec.com.br\\\/wp-content\\\/uploads\\\/2023\\\/10\\\/espiritismo-luz-na-escuridao.jpeg\",\"contentUrl\":\"https:\\\/\\\/www.geolegadodeallankardec.com.br\\\/wp-content\\\/uploads\\\/2023\\\/10\\\/espiritismo-luz-na-escuridao.jpeg\",\"width\":1200,\"height\":675,\"caption\":\"espiritismo luz na escurid\u00e3o\"},{\"@type\":\"BreadcrumbList\",\"@id\":\"https:\\\/\\\/www.geolegadodeallankardec.com.br\\\/artigos\\\/assuntos-diversos\\\/revista-espirita-surge-uma-luz-em-meio-a-escuridao\\\/#breadcrumb\",\"itemListElement\":[{\"@type\":\"ListItem\",\"position\":1,\"name\":\"In\u00edcio\",\"item\":\"https:\\\/\\\/www.geolegadodeallankardec.com.br\\\/\"},{\"@type\":\"ListItem\",\"position\":2,\"name\":\"Revista Esp\u00edrita &#8211; surge uma luz em meio \u00e0 escurid\u00e3o\"}]},{\"@type\":\"WebSite\",\"@id\":\"https:\\\/\\\/www.geolegadodeallankardec.com.br\\\/es\\\/#website\",\"url\":\"https:\\\/\\\/www.geolegadodeallankardec.com.br\\\/es\\\/\",\"name\":\"Grupo de Estudos O Legado de Allan Kardec\",\"description\":\"Grupo de Estudos voltado ao aprofundamento do estudo do Espiritismo\",\"potentialAction\":[{\"@type\":\"SearchAction\",\"target\":{\"@type\":\"EntryPoint\",\"urlTemplate\":\"https:\\\/\\\/www.geolegadodeallankardec.com.br\\\/es\\\/?s={search_term_string}\"},\"query-input\":{\"@type\":\"PropertyValueSpecification\",\"valueRequired\":true,\"valueName\":\"search_term_string\"}}],\"inLanguage\":\"en-US\"},{\"@type\":\"Person\",\"@id\":\"https:\\\/\\\/www.geolegadodeallankardec.com.br\\\/es\\\/#\\\/schema\\\/person\\\/1aaace837bed864843c5c64bb068ada8\",\"name\":\"Paulo Degering R Jr\",\"image\":{\"@type\":\"ImageObject\",\"inLanguage\":\"en-US\",\"@id\":\"https:\\\/\\\/secure.gravatar.com\\\/avatar\\\/5ec7a36bbebae506e9d72b049bd621e6e4c85382a1370608fa53c8bb1f3311a2?s=96&d=mm&r=g\",\"url\":\"https:\\\/\\\/secure.gravatar.com\\\/avatar\\\/5ec7a36bbebae506e9d72b049bd621e6e4c85382a1370608fa53c8bb1f3311a2?s=96&d=mm&r=g\",\"contentUrl\":\"https:\\\/\\\/secure.gravatar.com\\\/avatar\\\/5ec7a36bbebae506e9d72b049bd621e6e4c85382a1370608fa53c8bb1f3311a2?s=96&d=mm&r=g\",\"caption\":\"Paulo Degering R Jr\"},\"url\":\"https:\\\/\\\/www.geolegadodeallankardec.com.br\\\/en\\\/artigos\\\/author\\\/paulo-degering-rosa-junior\\\/\"}]}<\/script>\n<!-- \/ Yoast SEO Premium plugin. -->","yoast_head_json":{"title":"Spiritist Magazine - a light appears in the midst of darkness - Study Group The Legacy of Allan Kardec","description":"A group, following the principles of Spiritism and the Spiritist Magazine, is carrying out evocations and presenting them on their website. Discover!","robots":{"index":"index","follow":"follow","max-snippet":"max-snippet:-1","max-image-preview":"max-image-preview:large","max-video-preview":"max-video-preview:-1"},"canonical":"https:\/\/www.geolegadodeallankardec.com.br\/en\/articles-2\/miscellaneous-2\/spiritual-magazine-a-light-appears-in-the-dark\/","og_locale":"en_US","og_type":"article","og_title":"Revista Esp\u00edrita - surge uma luz em meio \u00e0 escurid\u00e3o","og_description":"Um grupo, seguindo os princ\u00edpios do Espiritismo e da Revista Esp\u00edrita, est\u00e1 realizando evoca\u00e7\u00f5es e as apresenta em seu site. Conhe\u00e7a!","og_url":"https:\/\/www.geolegadodeallankardec.com.br\/en\/articles-2\/miscellaneous-2\/spiritual-magazine-a-light-appears-in-the-dark\/","og_site_name":"Grupo de Estudos O Legado de Allan Kardec","article_published_time":"2023-10-03T19:07:59+00:00","article_modified_time":"2023-10-03T21:07:23+00:00","og_image":[{"width":1200,"height":675,"url":"https:\/\/www.geolegadodeallankardec.com.br\/wp-content\/uploads\/2023\/10\/espiritismo-luz-na-escuridao.jpeg","type":"image\/jpeg"}],"author":"Paulo Degering R Jr","twitter_card":"summary_large_image","twitter_misc":{"Written by":"Paulo Degering R Jr","Est. reading time":"3 minutes"},"schema":{"@context":"https:\/\/schema.org","@graph":[{"@type":"Article","@id":"https:\/\/www.geolegadodeallankardec.com.br\/artigos\/assuntos-diversos\/revista-espirita-surge-uma-luz-em-meio-a-escuridao\/#article","isPartOf":{"@id":"https:\/\/www.geolegadodeallankardec.com.br\/artigos\/assuntos-diversos\/revista-espirita-surge-uma-luz-em-meio-a-escuridao\/"},"author":{"name":"Paulo Degering R Jr","@id":"https:\/\/www.geolegadodeallankardec.com.br\/es\/#\/schema\/person\/1aaace837bed864843c5c64bb068ada8"},"headline":"Revista Esp\u00edrita &#8211; surge uma luz em meio \u00e0 escurid\u00e3o","datePublished":"2023-10-03T19:07:59+00:00","dateModified":"2023-10-03T21:07:23+00:00","mainEntityOfPage":{"@id":"https:\/\/www.geolegadodeallankardec.com.br\/artigos\/assuntos-diversos\/revista-espirita-surge-uma-luz-em-meio-a-escuridao\/"},"wordCount":553,"commentCount":0,"image":{"@id":"https:\/\/www.geolegadodeallankardec.com.br\/artigos\/assuntos-diversos\/revista-espirita-surge-uma-luz-em-meio-a-escuridao\/#primaryimage"},"thumbnailUrl":"https:\/\/www.geolegadodeallankardec.com.br\/wp-content\/uploads\/2023\/10\/espiritismo-luz-na-escuridao.jpeg","keywords":["revista esp\u00edrita"],"articleSection":["Assuntos Diversos"],"inLanguage":"en-US","potentialAction":[{"@type":"CommentAction","name":"Comment","target":["https:\/\/www.geolegadodeallankardec.com.br\/artigos\/assuntos-diversos\/revista-espirita-surge-uma-luz-em-meio-a-escuridao\/#respond"]}]},{"@type":"WebPage","@id":"https:\/\/www.geolegadodeallankardec.com.br\/artigos\/assuntos-diversos\/revista-espirita-surge-uma-luz-em-meio-a-escuridao\/","url":"https:\/\/www.geolegadodeallankardec.com.br\/artigos\/assuntos-diversos\/revista-espirita-surge-uma-luz-em-meio-a-escuridao\/","name":"Spiritist Magazine - a light appears in the midst of darkness - Study Group The Legacy of Allan Kardec","isPartOf":{"@id":"https:\/\/www.geolegadodeallankardec.com.br\/es\/#website"},"primaryImageOfPage":{"@id":"https:\/\/www.geolegadodeallankardec.com.br\/artigos\/assuntos-diversos\/revista-espirita-surge-uma-luz-em-meio-a-escuridao\/#primaryimage"},"image":{"@id":"https:\/\/www.geolegadodeallankardec.com.br\/artigos\/assuntos-diversos\/revista-espirita-surge-uma-luz-em-meio-a-escuridao\/#primaryimage"},"thumbnailUrl":"https:\/\/www.geolegadodeallankardec.com.br\/wp-content\/uploads\/2023\/10\/espiritismo-luz-na-escuridao.jpeg","datePublished":"2023-10-03T19:07:59+00:00","dateModified":"2023-10-03T21:07:23+00:00","author":{"@id":"https:\/\/www.geolegadodeallankardec.com.br\/es\/#\/schema\/person\/1aaace837bed864843c5c64bb068ada8"},"description":"A group, following the principles of Spiritism and the Spiritist Magazine, is carrying out evocations and presenting them on their website. Discover!","breadcrumb":{"@id":"https:\/\/www.geolegadodeallankardec.com.br\/artigos\/assuntos-diversos\/revista-espirita-surge-uma-luz-em-meio-a-escuridao\/#breadcrumb"},"inLanguage":"en-US","potentialAction":[{"@type":"ReadAction","target":["https:\/\/www.geolegadodeallankardec.com.br\/artigos\/assuntos-diversos\/revista-espirita-surge-uma-luz-em-meio-a-escuridao\/"]}]},{"@type":"ImageObject","inLanguage":"en-US","@id":"https:\/\/www.geolegadodeallankardec.com.br\/artigos\/assuntos-diversos\/revista-espirita-surge-uma-luz-em-meio-a-escuridao\/#primaryimage","url":"https:\/\/www.geolegadodeallankardec.com.br\/wp-content\/uploads\/2023\/10\/espiritismo-luz-na-escuridao.jpeg","contentUrl":"https:\/\/www.geolegadodeallankardec.com.br\/wp-content\/uploads\/2023\/10\/espiritismo-luz-na-escuridao.jpeg","width":1200,"height":675,"caption":"espiritismo luz na escurid\u00e3o"},{"@type":"BreadcrumbList","@id":"https:\/\/www.geolegadodeallankardec.com.br\/artigos\/assuntos-diversos\/revista-espirita-surge-uma-luz-em-meio-a-escuridao\/#breadcrumb","itemListElement":[{"@type":"ListItem","position":1,"name":"In\u00edcio","item":"https:\/\/www.geolegadodeallankardec.com.br\/"},{"@type":"ListItem","position":2,"name":"Revista Esp\u00edrita &#8211; surge uma luz em meio \u00e0 escurid\u00e3o"}]},{"@type":"WebSite","@id":"https:\/\/www.geolegadodeallankardec.com.br\/es\/#website","url":"https:\/\/www.geolegadodeallankardec.com.br\/es\/","name":"Study Group The Legacy of Allan Kardec","description":"Study Group aimed at deepening the study of Spiritism","potentialAction":[{"@type":"SearchAction","target":{"@type":"EntryPoint","urlTemplate":"https:\/\/www.geolegadodeallankardec.com.br\/es\/?s={search_term_string}"},"query-input":{"@type":"PropertyValueSpecification","valueRequired":true,"valueName":"search_term_string"}}],"inLanguage":"en-US"},{"@type":"Person","@id":"https:\/\/www.geolegadodeallankardec.com.br\/es\/#\/schema\/person\/1aaace837bed864843c5c64bb068ada8","name":"Paulo Degering R Jr","image":{"@type":"ImageObject","inLanguage":"en-US","@id":"https:\/\/secure.gravatar.com\/avatar\/5ec7a36bbebae506e9d72b049bd621e6e4c85382a1370608fa53c8bb1f3311a2?s=96&d=mm&r=g","url":"https:\/\/secure.gravatar.com\/avatar\/5ec7a36bbebae506e9d72b049bd621e6e4c85382a1370608fa53c8bb1f3311a2?s=96&d=mm&r=g","contentUrl":"https:\/\/secure.gravatar.com\/avatar\/5ec7a36bbebae506e9d72b049bd621e6e4c85382a1370608fa53c8bb1f3311a2?s=96&d=mm&r=g","caption":"Paulo Degering R Jr"},"url":"https:\/\/www.geolegadodeallankardec.com.br\/en\/artigos\/author\/paulo-degering-rosa-junior\/"}]}},"_links":{"self":[{"href":"https:\/\/www.geolegadodeallankardec.com.br\/en\/wp-json\/wp\/v2\/posts\/7595","targetHints":{"allow":["GET"]}}],"collection":[{"href":"https:\/\/www.geolegadodeallankardec.com.br\/en\/wp-json\/wp\/v2\/posts"}],"about":[{"href":"https:\/\/www.geolegadodeallankardec.com.br\/en\/wp-json\/wp\/v2\/types\/post"}],"author":[{"embeddable":true,"href":"https:\/\/www.geolegadodeallankardec.com.br\/en\/wp-json\/wp\/v2\/users\/12"}],"replies":[{"embeddable":true,"href":"https:\/\/www.geolegadodeallankardec.com.br\/en\/wp-json\/wp\/v2\/comments?post=7595"}],"version-history":[{"count":3,"href":"https:\/\/www.geolegadodeallankardec.com.br\/en\/wp-json\/wp\/v2\/posts\/7595\/revisions"}],"predecessor-version":[{"id":7604,"href":"https:\/\/www.geolegadodeallankardec.com.br\/en\/wp-json\/wp\/v2\/posts\/7595\/revisions\/7604"}],"wp:featuredmedia":[{"embeddable":true,"href":"https:\/\/www.geolegadodeallankardec.com.br\/en\/wp-json\/wp\/v2\/media\/7597"}],"wp:attachment":[{"href":"https:\/\/www.geolegadodeallankardec.com.br\/en\/wp-json\/wp\/v2\/media?parent=7595"}],"wp:term":[{"taxonomy":"category","embeddable":true,"href":"https:\/\/www.geolegadodeallankardec.com.br\/en\/wp-json\/wp\/v2\/categories?post=7595"},{"taxonomy":"post_tag","embeddable":true,"href":"https:\/\/www.geolegadodeallankardec.com.br\/en\/wp-json\/wp\/v2\/tags?post=7595"}],"curies":[{"name":"wp","href":"https:\/\/api.w.org\/{rel}","templated":true}]}}